{"id":8412,"date":"2020-10-03T21:12:39","date_gmt":"2020-10-04T00:12:39","guid":{"rendered":"http:\/\/revistabife.com\/?p=8412"},"modified":"2020-10-03T21:12:40","modified_gmt":"2020-10-04T00:12:40","slug":"le-dieron-el-alta-a-la-mujer-rionegrina-de-87-anos-la-pampa-tuvo-una-atencion-de-excelencia-con-nosotros-aseguro-su-hijo","status":"publish","type":"post","link":"https:\/\/revistabife.com\/index.php\/2020\/10\/03\/le-dieron-el-alta-a-la-mujer-rionegrina-de-87-anos-la-pampa-tuvo-una-atencion-de-excelencia-con-nosotros-aseguro-su-hijo\/","title":{"rendered":"Le dieron el alta a la mujer rionegrina de 87 a\u00f1os: \u201cLa Pampa tuvo una atenci\u00f3n de excelencia con nosotros\u201d, asegur\u00f3 su hijo"},"content":{"rendered":"\n<p class=\"has-drop-cap has-medium-font-size\"> Mar\u00eda Marca\u00f1o de Riquelme, de 87 a\u00f1os, ingres\u00f3 al CEAR con un diagn\u00f3stico de \u201cenfermedad respiratoria aguda por nuevo coronavirus\u201d. Ven\u00eda de pasar 48 horas en una camilla sin atenci\u00f3n m\u00e9dica y con una prueba de COVID negativa realizada en la provincia rionegrina.<\/p>\n\n\n\n<p class=\"has-medium-font-size\"> La mujer es oriunda de la ciudad de Villa Regina. Hab\u00eda presentado s\u00edntomas estando en su ciudad natal, por lo que fue sometida a una internaci\u00f3n breve y luego dada de alta en su domicilio. A los 15 d\u00edas debi\u00f3 retornar al centro asistencial rionegrino con una sintomatolog\u00eda similar a neumon\u00eda, donde fue recibida en una camilla en la cual \u2013seg\u00fan refirieron los familiares- pas\u00f3 48 horas sin atenci\u00f3n higi\u00e9nica y con poca informaci\u00f3n a su entorno. En ese contexto se le realiz\u00f3 un test que arroj\u00f3 resultados negativos para COVID-19.<\/p>\n\n\n\n<p class=\"has-medium-font-size\"><br>Es all\u00ed cuando Jos\u00e9 Miguel Riquelme, su hijo pampeano radicado hace m\u00e1s de una d\u00e9cada en Toay luego de su paso por Gobernador Duval, decidi\u00f3 trasladar la inquietud al Sistema de Salud de La Pampa para solicitar el traslado. La Pampa accedi\u00f3 al pedido e ingres\u00f3 a la paciente al Centro Emergente de Asistencia Respiratoria (CEAR) el pasado 10 de septiembre. Tras nuevos estudios se determin\u00f3 que Mar\u00eda cursaba un severo diagn\u00f3stico de \u201cenfermedad respiratoria aguda por nuevo coronavirus\u201d, como as\u00ed tambi\u00e9n una muy baja expectativa de vida. Las primeras atenciones en tierra pampeana permitieron establecer, adem\u00e1s, que uno de los pulmones de la mujer se encontraba comprometido por el esfuerzo realizado al aplicarle asistencia respiratoria mec\u00e1nica en el centro asistencial de origen.<\/p>\n\n\n\n<p class=\"has-medium-font-size\"><br>Tras 18 d\u00edas de internaci\u00f3n en terapia intensiva en el CEAR, Mar\u00eda pas\u00f3 a una habitaci\u00f3n normal con la prueba de PCR negativa donde continu\u00f3 con los controles y cuidados pertinentes, que estuvieron en manos -desde el primer d\u00eda- de la doctora Cristina Edith Arrieta, a quienes, tanto Mar\u00eda como Jos\u00e9 Miguel, se encuentran profundamente agradecidos<\/p>\n\n\n\n<p class=\"has-medium-font-size\"><strong>Ingreso<\/strong><strong>al<\/strong><strong>CEAR<\/strong><br>Jos\u00e9 Miguel Riquelme, detall\u00f3 en primera persona como se encontraba su madre al momento m\u00e1s cr\u00edtico en su estado de salud. \u201cTen\u00eda afectado uno de sus pulmones, le dieron ox\u00edgeno de m\u00e1s. Por suerte aqu\u00ed con los tratamientos y la ayuda de los enfermeros y kinesi\u00f3logos, entre otros, hoy mi madre est\u00e1 bien\u201d dijo a la Agencia Provincial de Noticias.<\/p>\n\n\n\n<p class=\"has-medium-font-size\"><strong>Calidadhumana<\/strong><br>El pampeano no ahorr\u00f3 elogios al personal de Salud provincial, \u201cestoy asombrado, todas las ma\u00f1anas me llamaban por tel\u00e9fono para pasarme el parte m\u00e9dico. La atenci\u00f3n fue excelente en todo momento, las formas y los tratos de los doctores y enfermeros con ella fue incre\u00edble. Cuando le informaron a mi madre que le daban el alta, rompi\u00f3 en llanto por la atenci\u00f3n que tuvo aqu\u00ed\u201d, sostuvo.<\/p>\n\n\n\n<p class=\"has-medium-font-size\"><br>Asegur\u00f3 que sus familiares en R\u00edo Negro \u201cno pueden creer el estado de salud de mi madre hoy, de la forma en que la subieron en una ambulancia al momento de trasladarla a La Pampa, y c\u00f3mo se encuentra actualmente, fue un cambio rotundo\u201d, dijo.<\/p>\n\n\n\n<p class=\"has-medium-font-size\"><strong>Actualidad<\/strong><strong>de<\/strong><strong>la<\/strong><strong>paciente<\/strong><br>Jos\u00e9 coment\u00f3 que Mar\u00eda \u201cya se sienta, el kinesi\u00f3logo le hace masajes y esperamos que en unos d\u00edas comience a caminar nuevamente. Los \u00faltimos an\u00e1lisis realizados dieron muy buenos resultados. Para continuar con los controles sobre el pulm\u00f3n que se vio afectado, la doctora Arrieta me pidi\u00f3 que nos quedemos en Toay, lo que nos demostr\u00f3 la entereza de los doctores de ac\u00e1 que en ning\u00fan momento la abandonaron, como en R\u00edo Negro que la mandaron a su casa y nunca m\u00e1s nos preguntaron nada. A partir del martes mi madre va a ser una toayense m\u00e1s (ironiz\u00f3). Estoy agradecido con la vida de haberla tra\u00eddo a la Salud P\u00fablica de La Pampa\u201d, concluy\u00f3.\n\n<\/p>\n","protected":false},"excerpt":{"rendered":"<p>Mar\u00eda Marca\u00f1o de Riquelme, de 87 a\u00f1os, ingres\u00f3 al CEAR con un diagn\u00f3stico de \u201cenfermedad<\/p>\n","protected":false},"author":1,"featured_media":8413,"comment_status":"open","ping_status":"open","sticky":false,"template":"","format":"standard","meta":{"om_disable_all_campaigns":false,"_monsterinsights_skip_tracking":false,"_monsterinsights_sitenote_active":false,"_monsterinsights_sitenote_note":"","_monsterinsights_sitenote_category":0,"_uf_show_specific_survey":0,"_uf_disable_surveys":false,"footnotes":""},"categories":[32],"tags":[],"class_list":["post-8412","post","type-post","status-publish","format-standard","has-post-thumbnail","hentry","category-actualidad"],"aioseo_notices":[],"_links":{"self":[{"href":"https:\/\/revistabife.com\/index.php\/wp-json\/wp\/v2\/posts\/8412"}],"collection":[{"href":"https:\/\/revistabife.com\/index.php\/wp-json\/wp\/v2\/posts"}],"about":[{"href":"https:\/\/revistabife.com\/index.php\/wp-json\/wp\/v2\/types\/post"}],"author":[{"embeddable":true,"href":"https:\/\/revistabife.com\/index.php\/wp-json\/wp\/v2\/users\/1"}],"replies":[{"embeddable":true,"href":"https:\/\/revistabife.com\/index.php\/wp-json\/wp\/v2\/comments?post=8412"}],"version-history":[{"count":1,"href":"https:\/\/revistabife.com\/index.php\/wp-json\/wp\/v2\/posts\/8412\/revisions"}],"predecessor-version":[{"id":8414,"href":"https:\/\/revistabife.com\/index.php\/wp-json\/wp\/v2\/posts\/8412\/revisions\/8414"}],"wp:featuredmedia":[{"embeddable":true,"href":"https:\/\/revistabife.com\/index.php\/wp-json\/wp\/v2\/media\/8413"}],"wp:attachment":[{"href":"https:\/\/revistabife.com\/index.php\/wp-json\/wp\/v2\/media?parent=8412"}],"wp:term":[{"taxonomy":"category","embeddable":true,"href":"https:\/\/revistabife.com\/index.php\/wp-json\/wp\/v2\/categories?post=8412"},{"taxonomy":"post_tag","embeddable":true,"href":"https:\/\/revistabife.com\/index.php\/wp-json\/wp\/v2\/tags?post=8412"}],"curies":[{"name":"wp","href":"https:\/\/api.w.org\/{rel}","templated":true}]}}