{"id":5848,"date":"2020-06-29T10:40:54","date_gmt":"2020-06-29T13:40:54","guid":{"rendered":"http:\/\/revistabife.com\/?p=5848"},"modified":"2020-06-29T10:40:56","modified_gmt":"2020-06-29T13:40:56","slug":"espionaje-ilegal-el-macrismo-respaldo-al-ex-colaborador-de-mac-allister","status":"publish","type":"post","link":"https:\/\/revistabife.com\/index.php\/2020\/06\/29\/espionaje-ilegal-el-macrismo-respaldo-al-ex-colaborador-de-mac-allister\/","title":{"rendered":"Espionaje ilegal: El macrismo respald\u00f3 al ex colaborador de Mac Allister"},"content":{"rendered":"\n<p class=\"has-drop-cap has-medium-font-size\">Juntos por el Cambio emiti\u00f3 este domingo un comunicado en el que respald\u00f3 a <strong>Dar\u00edo Nieto<\/strong>, el secretario privado de <strong>Macri<\/strong> y colaborador de las campa\u00f1as electorales de <strong>Carlos Javier Mac Allister<\/strong>, que fue allanado esta semana en el marco de la causa por espionaje ilegal. <br><\/p>\n\n\n\n<p class=\"has-medium-font-size\">&#8220;Los integrantes de Juntos por el Cambio queremos decir que estamos tranquilos porque creemos en la Integridad moral de Dario y confiamos en que la Justicia demostrar\u00e1 que es inocente. Si nos preocupa que, mientras la sociedad est\u00e1&#8217; angustiada por la pandemia, un sector del ofIcialismo parece enfocado en enrarecer el clima pol\u00edtico, con el aparente objetivo de conseguir la impunidad de ex funcIonarios procesados o condenados por corrupci\u00f3n&#8221;, se lee en el comunicado difundido en las redes sociales.<\/p>\n\n\n\n<p class=\"has-medium-font-size\">&#8220;Esto ocurre, adem\u00e1s, en medio de una serie de atropellos institucionales, que van de la escandalosa \u00faltima sesi\u00f3n del Senado y los superpoderes presupuestarios hasta un intento de expropiaci\u00f3n inconstitucional y la discriminaci\u00f3n a las provincias gobernadas por nuestra fuerza pol\u00edtica, entre otros&#8221;, agregaron en el documento titulado &#8220;Unidos en defensa de la verdad y la transparencia&#8221;.<\/p>\n\n\n\n<p class=\"has-medium-font-size\">La carta abierta lleva las firmas del mismo Mauricio Macri, Alfredo Cornejo, Elisa Carri\u00f3, Patricia Bullrich, Horacio Rodriguez Larreta, Maximiliano Ferraro, Miguel Angel Pichetto, Jorge Macri, Diego Santilli, Mario Negri y Marcos Pe\u00f1a entre otros dirigentes.<\/p>\n\n\n\n<p class=\"has-medium-font-size\">Sin embargo, entre los firmantes hay algunas ausencias llamativas: Monz\u00f3, Vidal, Lousteau, los ex ministros Lacunza, Frigerio, Sica y Dujovne, y tambi\u00e9n los gobernadores Su\u00e1rez, Morales y Vald\u00e9s. La ex gobernadora sum\u00f3 su firma en un segundo comunicado.<\/p>\n\n\n\n<p class=\"has-medium-font-size\"><strong>De acuerdo a Juntos por el Cambio, la investigaci\u00f3n por presunto espionaje responde a que &#8220;Desde principios de a\u00f1o, el kirchnerismo busc\u00f3 de todas las formas posibles involucrar judicialmente a ex funcionarios de Cambiemos en causas de corrupci\u00f3n<\/strong>. Pero no encontr\u00f3 nada, por la sencIlla raz\u00f3n que nuestro gobierno fue transparente y honesto&#8221;.<\/p>\n\n\n\n<p class=\"has-medium-font-size\">&#8220;Juntos por el Cambio est\u00e1 unido en defensa de las instituciones democr\u00e1ticas y en ponerle un freno a los Intentos de algunos de decirle a la sociedad que todos Ios pol\u00edticos son igual de corruptos. No es as\u00ed&#8221;, se\u00f1ala el documento en el que se comprometieron a colaborar con la Justicia.<\/p>\n","protected":false},"excerpt":{"rendered":"<p>Juntos por el Cambio emiti\u00f3 este domingo un comunicado en el que respald\u00f3 a Dar\u00edo<\/p>\n","protected":false},"author":1,"featured_media":5849,"comment_status":"open","ping_status":"open","sticky":false,"template":"","format":"standard","meta":{"om_disable_all_campaigns":false,"_monsterinsights_skip_tracking":false,"_monsterinsights_sitenote_active":false,"_monsterinsights_sitenote_note":"","_monsterinsights_sitenote_category":0,"_uf_show_specific_survey":0,"_uf_disable_surveys":false,"footnotes":""},"categories":[32],"tags":[1384,1383,1178,1257],"class_list":["post-5848","post","type-post","status-publish","format-standard","has-post-thumbnail","hentry","category-actualidad","tag-carlos-mac-allister","tag-dario-nieto","tag-espionaje","tag-mauricio-macri"],"aioseo_notices":[],"_links":{"self":[{"href":"https:\/\/revistabife.com\/index.php\/wp-json\/wp\/v2\/posts\/5848"}],"collection":[{"href":"https:\/\/revistabife.com\/index.php\/wp-json\/wp\/v2\/posts"}],"about":[{"href":"https:\/\/revistabife.com\/index.php\/wp-json\/wp\/v2\/types\/post"}],"author":[{"embeddable":true,"href":"https:\/\/revistabife.com\/index.php\/wp-json\/wp\/v2\/users\/1"}],"replies":[{"embeddable":true,"href":"https:\/\/revistabife.com\/index.php\/wp-json\/wp\/v2\/comments?post=5848"}],"version-history":[{"count":1,"href":"https:\/\/revistabife.com\/index.php\/wp-json\/wp\/v2\/posts\/5848\/revisions"}],"predecessor-version":[{"id":5850,"href":"https:\/\/revistabife.com\/index.php\/wp-json\/wp\/v2\/posts\/5848\/revisions\/5850"}],"wp:featuredmedia":[{"embeddable":true,"href":"https:\/\/revistabife.com\/index.php\/wp-json\/wp\/v2\/media\/5849"}],"wp:attachment":[{"href":"https:\/\/revistabife.com\/index.php\/wp-json\/wp\/v2\/media?parent=5848"}],"wp:term":[{"taxonomy":"category","embeddable":true,"href":"https:\/\/revistabife.com\/index.php\/wp-json\/wp\/v2\/categories?post=5848"},{"taxonomy":"post_tag","embeddable":true,"href":"https:\/\/revistabife.com\/index.php\/wp-json\/wp\/v2\/tags?post=5848"}],"curies":[{"name":"wp","href":"https:\/\/api.w.org\/{rel}","templated":true}]}}