{"id":5773,"date":"2020-06-26T11:59:39","date_gmt":"2020-06-26T14:59:39","guid":{"rendered":"http:\/\/revistabife.com\/?p=5773"},"modified":"2020-06-26T11:59:40","modified_gmt":"2020-06-26T14:59:40","slug":"espionaje-ilegal-allanaron-al-coordinador-de-la-campana-de-mac-allister","status":"publish","type":"post","link":"https:\/\/revistabife.com\/index.php\/2020\/06\/26\/espionaje-ilegal-allanaron-al-coordinador-de-la-campana-de-mac-allister\/","title":{"rendered":"Espionaje ilegal: Allanaron al coordinador de la campa\u00f1a de Mac Allister"},"content":{"rendered":"\n<p class=\"has-drop-cap has-medium-font-size\">Un nuevo nombre &#8220;cay\u00f3&#8221; en la causa de espionaje ilegal de la administraci\u00f3n de Cambiemos. Se trata de<strong> Dar\u00edo Nieto<\/strong>, exsecretario privado de <strong>Mauricio Macri<\/strong>, y quien adem\u00e1s colabor\u00f3 con <strong>Carlos &#8220;Colo&#8221; Macallister<\/strong> en dos oporunidades: en la campa\u00f1a a diputado nacional de 2013 y en la candidatura a gobernador en 2019 como coordinador.<\/p>\n\n\n\n<p class=\"has-medium-font-size\"><strong>&#8220;\u00a1No voy a entregar el celular!\u201d<\/strong>, exclam\u00f3\u00a0<strong>Dar\u00edo Nieto<\/strong>\u00a0cuando un equipo de la Polic\u00eda Federal lleg\u00f3 a su casa en el barrio porte\u00f1o de  Palermo, con una orden de allanamiento del juzgado de Federico Villena que investiga m\u00faltiples maniobras de\u00a0espionaje ilegal\u00a0\u00a0durante el gobierno de Cambiemos. <\/p>\n\n\n\n<p class=\"has-medium-font-size\"><strong>La orden del poder judicial era secuestrar \u201cagendas telef\u00f3nicas, computadoras, celulares, pendrives y notebooks, junto con documentaci\u00f3n o anotadores que pudieran ser de inter\u00e9s para esta causa.<\/strong><\/p>\n\n\n\n<p class=\"has-medium-font-size\"><strong>En el Pro sol\u00edan definirlo a Nieto  como \u201cla sombra\u201d de Macri por su tarea de ir con \u00e9l a todos lados y estar en todos los detalles.<\/strong>\u00a0Tuvo un papel activo en la juventud PRO, hab\u00eda trabajado con Francisco Quintana en la Legislatura porte\u00f1a, y tambi\u00e9n con el exjefe de Gabinete Marcos Pe\u00f1a.<\/p>\n\n\n\n<p class=\"has-medium-font-size\">Seg\u00fan relatan fuentes de medios nacionales,  habr\u00eda mensajes donde los hombres de la Agencia Federal de Inteligencia (AFI) le preguntan a <strong>Susana Martinengo<\/strong>, la exdirectora de Documentaci\u00f3n de la Casa Rosada, involucrada en la causa, si los reportes le llegaban al <strong>\u201cn\u00famero uno\u201d<\/strong>, y ella asegura que s\u00ed, que recib\u00eda todo, a trav\u00e9s de su secretario privado, el joven Nieto. <\/p>\n\n\n\n<p class=\"has-medium-font-size\"> Hasta ahora hay un solo detenido, en la causa de &#8220;espionaje M&#8221;, se trata de\u00a0<strong>Alan Ruiz<\/strong>, exjefe de Operaciones Especiales de la AFI en la gesti\u00f3n de Gustavo Arribas y exfuncionario pampeano durante la gesti\u00f3n de <strong>Juan Carlos Tierno<\/strong> al frente del Ministerio de Seguridad de la provincia. <\/p>\n\n\n\n<p class=\"has-medium-font-size\">Semanas atr\u00e1s trascendieron grabaciones en donde <strong>Ruiz<\/strong> confiesa que la causa por acoso a Juan Carlos Marino en 2019 fue armada por la Agencia Federal de Inteligencia. Marino al momento de la denuncia compet\u00eda en la interna de cambiemos por la gobernaci\u00f3n con Mac Allister. <\/p>\n","protected":false},"excerpt":{"rendered":"<p>Un nuevo nombre &#8220;cay\u00f3&#8221; en la causa de espionaje ilegal de la administraci\u00f3n de Cambiemos.<\/p>\n","protected":false},"author":1,"featured_media":5774,"comment_status":"open","ping_status":"open","sticky":false,"template":"","format":"standard","meta":{"om_disable_all_campaigns":false,"_monsterinsights_skip_tracking":false,"_monsterinsights_sitenote_active":false,"_monsterinsights_sitenote_note":"","_monsterinsights_sitenote_category":0,"_uf_show_specific_survey":0,"_uf_disable_surveys":false,"footnotes":""},"categories":[1129,1190],"tags":[1384,1383,1263,1257],"class_list":["post-5773","post","type-post","status-publish","format-standard","has-post-thumbnail","hentry","category-en-foco","category-politica-en-foco","tag-carlos-mac-allister","tag-dario-nieto","tag-juan-carlos-marino","tag-mauricio-macri"],"aioseo_notices":[],"_links":{"self":[{"href":"https:\/\/revistabife.com\/index.php\/wp-json\/wp\/v2\/posts\/5773"}],"collection":[{"href":"https:\/\/revistabife.com\/index.php\/wp-json\/wp\/v2\/posts"}],"about":[{"href":"https:\/\/revistabife.com\/index.php\/wp-json\/wp\/v2\/types\/post"}],"author":[{"embeddable":true,"href":"https:\/\/revistabife.com\/index.php\/wp-json\/wp\/v2\/users\/1"}],"replies":[{"embeddable":true,"href":"https:\/\/revistabife.com\/index.php\/wp-json\/wp\/v2\/comments?post=5773"}],"version-history":[{"count":1,"href":"https:\/\/revistabife.com\/index.php\/wp-json\/wp\/v2\/posts\/5773\/revisions"}],"predecessor-version":[{"id":5775,"href":"https:\/\/revistabife.com\/index.php\/wp-json\/wp\/v2\/posts\/5773\/revisions\/5775"}],"wp:featuredmedia":[{"embeddable":true,"href":"https:\/\/revistabife.com\/index.php\/wp-json\/wp\/v2\/media\/5774"}],"wp:attachment":[{"href":"https:\/\/revistabife.com\/index.php\/wp-json\/wp\/v2\/media?parent=5773"}],"wp:term":[{"taxonomy":"category","embeddable":true,"href":"https:\/\/revistabife.com\/index.php\/wp-json\/wp\/v2\/categories?post=5773"},{"taxonomy":"post_tag","embeddable":true,"href":"https:\/\/revistabife.com\/index.php\/wp-json\/wp\/v2\/tags?post=5773"}],"curies":[{"name":"wp","href":"https:\/\/api.w.org\/{rel}","templated":true}]}}