{"id":5136,"date":"2020-06-10T10:55:45","date_gmt":"2020-06-10T13:55:45","guid":{"rendered":"http:\/\/revistabife.com\/?p=5136"},"modified":"2020-06-10T10:55:47","modified_gmt":"2020-06-10T13:55:47","slug":"formosa-confirmo-su-primer-caso-de-covid-19","status":"publish","type":"post","link":"https:\/\/revistabife.com\/index.php\/2020\/06\/10\/formosa-confirmo-su-primer-caso-de-covid-19\/","title":{"rendered":"Formosa confirm\u00f3 su primer caso de COVID-19"},"content":{"rendered":"\n<p class=\"has-drop-cap has-medium-font-size\">El Consejo de Atenci\u00f3n Integral de la Emergencia de COVID-19 de Formosa <strong>confirm\u00f3 el primer caso positivo en la provincia en m\u00e1s de tres meses.<\/strong><\/p>\n\n\n\n<p class=\"has-medium-font-size\"><strong>La persona es una mujer de 36 a\u00f1os proveniente de la Ciudad de Buenos Aires y que se encontraba realizando la cuarentena obligatoria de 14 d\u00edas en los centros que la provincia dispuso para tal situaci\u00f3n.\u00a0<\/strong><\/p>\n\n\n\n<p class=\"has-medium-font-size\">La mujer lleg\u00f3 a Formosa con su esposo y la hija de ambos, quienes tambi\u00e9n fueron testeados y ambos dieron negativo. Ella, en tanto, fue derivada a un hospital para continuar bajo control m\u00e9dico.<\/p>\n\n\n\n<p class=\"has-medium-font-size\">Todas las personas que arribaron a la provincia en el mismo micro que la mujer se encuentran aislados en la Escuela de Cadetes de Polic\u00eda de la provincia\u00a0sin contacto con el resto de las personas que se encuentran\u00a0cumpliendo la cuarentena all\u00ed.<\/p>\n","protected":false},"excerpt":{"rendered":"<p>El Consejo de Atenci\u00f3n Integral de la Emergencia de COVID-19 de Formosa confirm\u00f3 el primer<\/p>\n","protected":false},"author":1,"featured_media":5137,"comment_status":"open","ping_status":"open","sticky":false,"template":"","format":"standard","meta":{"om_disable_all_campaigns":false,"_monsterinsights_skip_tracking":false,"_monsterinsights_sitenote_active":false,"_monsterinsights_sitenote_note":"","_monsterinsights_sitenote_category":0,"_uf_show_specific_survey":0,"_uf_disable_surveys":false,"footnotes":""},"categories":[32],"tags":[670,1279],"class_list":["post-5136","post","type-post","status-publish","format-standard","has-post-thumbnail","hentry","category-actualidad","tag-covid-19","tag-formosa"],"aioseo_notices":[],"_links":{"self":[{"href":"https:\/\/revistabife.com\/index.php\/wp-json\/wp\/v2\/posts\/5136"}],"collection":[{"href":"https:\/\/revistabife.com\/index.php\/wp-json\/wp\/v2\/posts"}],"about":[{"href":"https:\/\/revistabife.com\/index.php\/wp-json\/wp\/v2\/types\/post"}],"author":[{"embeddable":true,"href":"https:\/\/revistabife.com\/index.php\/wp-json\/wp\/v2\/users\/1"}],"replies":[{"embeddable":true,"href":"https:\/\/revistabife.com\/index.php\/wp-json\/wp\/v2\/comments?post=5136"}],"version-history":[{"count":1,"href":"https:\/\/revistabife.com\/index.php\/wp-json\/wp\/v2\/posts\/5136\/revisions"}],"predecessor-version":[{"id":5138,"href":"https:\/\/revistabife.com\/index.php\/wp-json\/wp\/v2\/posts\/5136\/revisions\/5138"}],"wp:featuredmedia":[{"embeddable":true,"href":"https:\/\/revistabife.com\/index.php\/wp-json\/wp\/v2\/media\/5137"}],"wp:attachment":[{"href":"https:\/\/revistabife.com\/index.php\/wp-json\/wp\/v2\/media?parent=5136"}],"wp:term":[{"taxonomy":"category","embeddable":true,"href":"https:\/\/revistabife.com\/index.php\/wp-json\/wp\/v2\/categories?post=5136"},{"taxonomy":"post_tag","embeddable":true,"href":"https:\/\/revistabife.com\/index.php\/wp-json\/wp\/v2\/tags?post=5136"}],"curies":[{"name":"wp","href":"https:\/\/api.w.org\/{rel}","templated":true}]}}