{"id":4770,"date":"2020-06-02T10:42:40","date_gmt":"2020-06-02T13:42:40","guid":{"rendered":"http:\/\/revistabife.com\/?p=4770"},"modified":"2020-06-02T10:42:42","modified_gmt":"2020-06-02T13:42:42","slug":"alberto-regresa-este-viernes-a-la-pampa","status":"publish","type":"post","link":"https:\/\/revistabife.com\/index.php\/2020\/06\/02\/alberto-regresa-este-viernes-a-la-pampa\/","title":{"rendered":"Alberto regresa este viernes a La Pampa"},"content":{"rendered":"\n<p class=\"has-drop-cap has-medium-font-size\">El presidente Alberto Fern\u00e1ndez, llegar\u00e1 a La Pampa el pr\u00f3ximo viernes, ser\u00e1 en el marco de un viaje a la regi\u00f2n patag\u00f3nica que tambi\u00e9n incluir\u00e1 a la provincia de Neuquen.<\/p>\n\n\n\n<p class=\"has-medium-font-size\">La anterior visita del ahora presidente fue el 17 de octubre \u00faltimo, en el D\u00eda de la Lealtad peronista. Fern\u00e1ndez por entonces, era candidato a la presidencia por el Frente de Todos.<\/p>\n","protected":false},"excerpt":{"rendered":"<p>El presidente Alberto Fern\u00e1ndez, llegar\u00e1 a La Pampa el pr\u00f3ximo viernes, ser\u00e1 en el marco<\/p>\n","protected":false},"author":1,"featured_media":3791,"comment_status":"open","ping_status":"open","sticky":false,"template":"","format":"standard","meta":{"om_disable_all_campaigns":false,"_monsterinsights_skip_tracking":false,"_monsterinsights_sitenote_active":false,"_monsterinsights_sitenote_note":"","_monsterinsights_sitenote_category":0,"_uf_show_specific_survey":0,"_uf_disable_surveys":false,"footnotes":""},"categories":[32],"tags":[457,44],"class_list":["post-4770","post","type-post","status-publish","format-standard","has-post-thumbnail","hentry","category-actualidad","tag-alberto-fernandez","tag-la-pampa"],"aioseo_notices":[],"_links":{"self":[{"href":"https:\/\/revistabife.com\/index.php\/wp-json\/wp\/v2\/posts\/4770"}],"collection":[{"href":"https:\/\/revistabife.com\/index.php\/wp-json\/wp\/v2\/posts"}],"about":[{"href":"https:\/\/revistabife.com\/index.php\/wp-json\/wp\/v2\/types\/post"}],"author":[{"embeddable":true,"href":"https:\/\/revistabife.com\/index.php\/wp-json\/wp\/v2\/users\/1"}],"replies":[{"embeddable":true,"href":"https:\/\/revistabife.com\/index.php\/wp-json\/wp\/v2\/comments?post=4770"}],"version-history":[{"count":1,"href":"https:\/\/revistabife.com\/index.php\/wp-json\/wp\/v2\/posts\/4770\/revisions"}],"predecessor-version":[{"id":4772,"href":"https:\/\/revistabife.com\/index.php\/wp-json\/wp\/v2\/posts\/4770\/revisions\/4772"}],"wp:featuredmedia":[{"embeddable":true,"href":"https:\/\/revistabife.com\/index.php\/wp-json\/wp\/v2\/media\/3791"}],"wp:attachment":[{"href":"https:\/\/revistabife.com\/index.php\/wp-json\/wp\/v2\/media?parent=4770"}],"wp:term":[{"taxonomy":"category","embeddable":true,"href":"https:\/\/revistabife.com\/index.php\/wp-json\/wp\/v2\/categories?post=4770"},{"taxonomy":"post_tag","embeddable":true,"href":"https:\/\/revistabife.com\/index.php\/wp-json\/wp\/v2\/tags?post=4770"}],"curies":[{"name":"wp","href":"https:\/\/api.w.org\/{rel}","templated":true}]}}