{"id":41011,"date":"2026-09-03T14:04:27","date_gmt":"2026-09-03T17:04:27","guid":{"rendered":"https:\/\/revistabife.com\/?p=41011"},"modified":"2026-09-03T14:04:28","modified_gmt":"2026-09-03T17:04:28","slug":"general-pico-mostro-sus-politicas-para-infancias-y-adolescencias-en-una-expo-en-el-playon-del-ferrocarril","status":"publish","type":"post","link":"https:\/\/revistabife.com\/index.php\/2026\/09\/03\/general-pico-mostro-sus-politicas-para-infancias-y-adolescencias-en-una-expo-en-el-playon-del-ferrocarril\/","title":{"rendered":"General Pico mostr\u00f3 sus pol\u00edticas para infancias y adolescencias en una Expo en el Play\u00f3n del Ferrocarril"},"content":{"rendered":"\n<p>General Pico realiz\u00f3 este jueves una nueva jornada de la Expo Infancia y Adolescencia, una iniciativa del municipio que re\u00fane pol\u00edticas, programas y actividades destinadas a ni\u00f1as, ni\u00f1os y adolescentes. La actividad se desarroll\u00f3 en el Play\u00f3n del Ferrocarril y cont\u00f3 con el acompa\u00f1amiento del Gobierno provincial.<\/p>\n\n\n\n<p>Durante la jornada, la intendenta Fernanda Alonso present\u00f3 las pol\u00edticas p\u00fablicas que lleva adelante la ciudad bajo el eje \u201cPol\u00edticas p\u00fablicas en General Pico, mirando a nuestra infancia y adolescencia\u201d. La exposici\u00f3n fue seguida por funcionarios provinciales y municipales y representantes legislativos.<\/p>\n\n\n\n<p>Participaron la ministra de Educaci\u00f3n, Marcela Feuerschvenger; el ministro de Desarrollo Social y Derechos Humanos, Diego \u00c1lvarez; y el ministro de Salud, Mario Kohan. Tambi\u00e9n estuvieron el senador Daniel Bensus\u00e1n, la diputada provincial Gisela Cuadrado, concejales y otros funcionarios.<\/p>\n\n\n\n<h3 class=\"wp-block-heading\">Un trabajo entre distintas \u00e1reas<\/h3>\n\n\n\n<p>Feuerschvenger destac\u00f3 la importancia de mostrar las pol\u00edticas destinadas a las infancias y adolescencias y se\u00f1al\u00f3 que el sistema educativo forma parte de una red m\u00e1s amplia de protecci\u00f3n de derechos.<\/p>\n\n\n\n<p>\u201cTodos somos parte del sistema de protecci\u00f3n de derechos\u201d, afirm\u00f3 la ministra, quien plante\u00f3 que estos espacios permiten revisar las intervenciones que realizan las distintas \u00e1reas y detectar nuevos desaf\u00edos.<\/p>\n\n\n\n<p>En esa l\u00ednea, destac\u00f3 la Expo junto con otras actividades impulsadas en la ciudad, como la Feria del Libro, como espacios que ampl\u00edan el acceso de ni\u00f1as, ni\u00f1os y adolescentes a propuestas culturales y educativas.<\/p>\n\n\n\n<p>\u00c1lvarez, por su parte, puso el foco en la participaci\u00f3n comunitaria y en la corresponsabilidad de los adultos. Consider\u00f3 que las pol\u00edticas p\u00fablicas deben contribuir a que las infancias conozcan sus derechos y tengan acceso al juego, la recreaci\u00f3n y espacios de reflexi\u00f3n.<\/p>\n\n\n\n<p>El ministro tambi\u00e9n valor\u00f3 que General Pico incorpore la mirada de ni\u00f1as, ni\u00f1os y adolescentes en la planificaci\u00f3n de la ciudad.<\/p>\n\n\n\n<h3 class=\"wp-block-heading\">Salud y protecci\u00f3n integral<\/h3>\n\n\n\n<p>Kohan destac\u00f3 la presentaci\u00f3n realizada por Alonso y remarc\u00f3 que las pol\u00edticas vinculadas con las infancias requieren coordinaci\u00f3n entre distintas \u00e1reas del Estado.<\/p>\n\n\n\n<p>\u201cEs un trabajo ininterrumpido el que se realiza en nuestra provincia con ni\u00f1ez, infancia, adolescencia, adultos y adultos mayores\u201d, sostuvo.<\/p>\n\n\n\n<p>El ministro se\u00f1al\u00f3 que Salud aporta informaci\u00f3n y recursos a un esquema de trabajo que involucra tambi\u00e9n a Educaci\u00f3n y Desarrollo Social, entre otros organismos.<\/p>\n\n\n\n<p>Como parte de su exposici\u00f3n, mencion\u00f3 indicadores provinciales difundidos por el Ministerio de Salud de la Naci\u00f3n y se\u00f1al\u00f3 que La Pampa registra la menor tasa de mortalidad infantil del pa\u00eds y una de las mayores tasas de vacunaci\u00f3n.<\/p>\n\n\n\n<p>La Expo forma parte de las actividades impulsadas por General Pico para visibilizar las pol\u00edticas destinadas a las infancias y adolescencias y fortalecer la articulaci\u00f3n entre el municipio, la Provincia y distintos sectores de la comunidad.<\/p>\n","protected":false},"excerpt":{"rendered":"<p>General Pico realiz\u00f3 este jueves una nueva jornada de la Expo Infancia y Adolescencia, una<\/p>\n","protected":false},"author":1,"featured_media":41012,"comment_status":"closed","ping_status":"open","sticky":false,"template":"","format":"standard","meta":{"om_disable_all_campaigns":false,"_exactmetrics_skip_tracking":false,"_monsterinsights_skip_tracking":false,"_uf_show_specific_survey":0,"_uf_disable_surveys":false,"footnotes":""},"categories":[32,1913],"tags":[],"class_list":["post-41011","post","type-post","status-publish","format-standard","has-post-thumbnail","hentry","category-actualidad","category-porvinciales"],"aioseo_notices":[],"_links":{"self":[{"href":"https:\/\/revistabife.com\/index.php\/wp-json\/wp\/v2\/posts\/41011"}],"collection":[{"href":"https:\/\/revistabife.com\/index.php\/wp-json\/wp\/v2\/posts"}],"about":[{"href":"https:\/\/revistabife.com\/index.php\/wp-json\/wp\/v2\/types\/post"}],"author":[{"embeddable":true,"href":"https:\/\/revistabife.com\/index.php\/wp-json\/wp\/v2\/users\/1"}],"replies":[{"embeddable":true,"href":"https:\/\/revistabife.com\/index.php\/wp-json\/wp\/v2\/comments?post=41011"}],"version-history":[{"count":1,"href":"https:\/\/revistabife.com\/index.php\/wp-json\/wp\/v2\/posts\/41011\/revisions"}],"predecessor-version":[{"id":41013,"href":"https:\/\/revistabife.com\/index.php\/wp-json\/wp\/v2\/posts\/41011\/revisions\/41013"}],"wp:featuredmedia":[{"embeddable":true,"href":"https:\/\/revistabife.com\/index.php\/wp-json\/wp\/v2\/media\/41012"}],"wp:attachment":[{"href":"https:\/\/revistabife.com\/index.php\/wp-json\/wp\/v2\/media?parent=41011"}],"wp:term":[{"taxonomy":"category","embeddable":true,"href":"https:\/\/revistabife.com\/index.php\/wp-json\/wp\/v2\/categories?post=41011"},{"taxonomy":"post_tag","embeddable":true,"href":"https:\/\/revistabife.com\/index.php\/wp-json\/wp\/v2\/tags?post=41011"}],"curies":[{"name":"wp","href":"https:\/\/api.w.org\/{rel}","templated":true}]}}