{"id":41008,"date":"2026-09-03T14:03:09","date_gmt":"2026-09-03T17:03:09","guid":{"rendered":"https:\/\/revistabife.com\/?p=41008"},"modified":"2026-09-03T14:03:11","modified_gmt":"2026-09-03T17:03:11","slug":"mas-de-30-parejas-de-asadores-y-800-comensales-riglos-prepara-su-fiesta-nacional-del-asador-criollo","status":"publish","type":"post","link":"https:\/\/revistabife.com\/index.php\/2026\/09\/03\/mas-de-30-parejas-de-asadores-y-800-comensales-riglos-prepara-su-fiesta-nacional-del-asador-criollo\/","title":{"rendered":"M\u00e1s de 30 parejas de asadores y 800 comensales: Riglos prepara su Fiesta Nacional del Asador Criollo"},"content":{"rendered":"\n<p class=\"has-medium-font-size\"><strong>La s\u00e9ptima edici\u00f3n se realizar\u00e1 el 20 de septiembre con asado a la estaca, vinos y productos pampeanos, artesanos, emprendedores y m\u00fasica. La jornada comenzar\u00e1 a las 9 y tendr\u00e1 como escenario principal el patio de los asadores.<\/strong><\/p>\n\n\n\n<p class=\"has-medium-font-size\">M\u00e1s de 30 parejas de asadores se preparan para encender sus fogones en Miguel Riglos, que el pr\u00f3ximo 20 de septiembre realizar\u00e1 la s\u00e9ptima edici\u00f3n de la Fiesta Nacional del Asador Criollo. La jornada reunir\u00e1 a unos 800 comensales alrededor del asado a la estaca y una propuesta que busca poner en escena productos, gastronom\u00eda y cultura pampeana.<\/p>\n\n\n\n<p class=\"has-medium-font-size\">Las actividades comenzar\u00e1n a las 9 con la apertura del paseo de artesanos y emprendedores. Durante la ma\u00f1ana, los visitantes podr\u00e1n recorrer los fogones y observar el trabajo de los asadores antes del almuerzo.<\/p>\n\n\n\n<p class=\"has-medium-font-size\">La tarjeta para el almuerzo incluye chorizo de entrada, ensaladas, asado a la estaca, bebida y postre, adem\u00e1s del espect\u00e1culo musical. Tambi\u00e9n habr\u00e1 tortas para acompa\u00f1ar el mate durante la tarde.<\/p>\n\n\n\n<p class=\"has-medium-font-size\">La propuesta gastron\u00f3mica estar\u00e1 acompa\u00f1ada por productos elaborados en la Provincia. Habr\u00e1 vinos pampeanos y pan elaborado con harina de producci\u00f3n local, mientras que el postre tambi\u00e9n ser\u00e1 de Miguel Riglos.<\/p>\n\n\n\n<p class=\"has-medium-font-size\">El presidente de la Asociaci\u00f3n de Bomberos Voluntarios, Ariel Alejo, destac\u00f3 que uno de los momentos centrales ser\u00e1 el recorrido por las mesas de los asadores: \u201cLo m\u00e1s lindo antes del almuerzo es la visita a cada una de las mesas, invitarlos a que conozcan, a que vean c\u00f3mo trabajan los asadores y c\u00f3mo trabaja el fogonero\u201d.<\/p>\n\n\n\n<p>El espect\u00e1culo musical estar\u00e1 a cargo de El Entrevero.<\/p>\n\n\n\n<h3 class=\"wp-block-heading\">Una fiesta que mueve a la localidad<\/h3>\n\n\n\n<p class=\"has-medium-font-size\">La presentaci\u00f3n de la s\u00e9ptima edici\u00f3n se realiz\u00f3 en la Secretar\u00eda de Turismo de La Pampa, con la participaci\u00f3n del titular del \u00e1rea, Sa\u00fal Echeveste; la subsecretaria de Planificaci\u00f3n Tur\u00edstica, Noelia Albornoz; el intendente Elio Lautaro Calzado y Alejo.<\/p>\n\n\n\n<p class=\"has-medium-font-size\">Echeveste destac\u00f3 el impacto que tienen este tipo de celebraciones en las econom\u00edas locales, especialmente en la actividad gastron\u00f3mica, hotelera, artesanal y cultural.<\/p>\n\n\n\n<p class=\"has-medium-font-size\">El intendente, en tanto, defini\u00f3 a la fiesta como una expresi\u00f3n de la identidad local y destac\u00f3 la llegada de visitantes de distintos puntos de La Pampa y de otras provincias.<\/p>\n\n\n\n<p class=\"has-medium-font-size\">La organizaci\u00f3n busca que la celebraci\u00f3n vuelva a combinar gastronom\u00eda, turismo y participaci\u00f3n comunitaria, con los asadores como protagonistas de una jornada que ya forma parte del calendario de Riglos.<\/p>\n","protected":false},"excerpt":{"rendered":"<p>La s\u00e9ptima edici\u00f3n se realizar\u00e1 el 20 de septiembre con asado a la estaca, vinos<\/p>\n","protected":false},"author":1,"featured_media":41009,"comment_status":"closed","ping_status":"open","sticky":false,"template":"","format":"standard","meta":{"om_disable_all_campaigns":false,"_exactmetrics_skip_tracking":false,"_monsterinsights_skip_tracking":false,"_uf_show_specific_survey":0,"_uf_disable_surveys":false,"footnotes":""},"categories":[32,1913],"tags":[],"class_list":["post-41008","post","type-post","status-publish","format-standard","has-post-thumbnail","hentry","category-actualidad","category-porvinciales"],"aioseo_notices":[],"_links":{"self":[{"href":"https:\/\/revistabife.com\/index.php\/wp-json\/wp\/v2\/posts\/41008"}],"collection":[{"href":"https:\/\/revistabife.com\/index.php\/wp-json\/wp\/v2\/posts"}],"about":[{"href":"https:\/\/revistabife.com\/index.php\/wp-json\/wp\/v2\/types\/post"}],"author":[{"embeddable":true,"href":"https:\/\/revistabife.com\/index.php\/wp-json\/wp\/v2\/users\/1"}],"replies":[{"embeddable":true,"href":"https:\/\/revistabife.com\/index.php\/wp-json\/wp\/v2\/comments?post=41008"}],"version-history":[{"count":1,"href":"https:\/\/revistabife.com\/index.php\/wp-json\/wp\/v2\/posts\/41008\/revisions"}],"predecessor-version":[{"id":41010,"href":"https:\/\/revistabife.com\/index.php\/wp-json\/wp\/v2\/posts\/41008\/revisions\/41010"}],"wp:featuredmedia":[{"embeddable":true,"href":"https:\/\/revistabife.com\/index.php\/wp-json\/wp\/v2\/media\/41009"}],"wp:attachment":[{"href":"https:\/\/revistabife.com\/index.php\/wp-json\/wp\/v2\/media?parent=41008"}],"wp:term":[{"taxonomy":"category","embeddable":true,"href":"https:\/\/revistabife.com\/index.php\/wp-json\/wp\/v2\/categories?post=41008"},{"taxonomy":"post_tag","embeddable":true,"href":"https:\/\/revistabife.com\/index.php\/wp-json\/wp\/v2\/tags?post=41008"}],"curies":[{"name":"wp","href":"https:\/\/api.w.org\/{rel}","templated":true}]}}