{"id":41005,"date":"2026-09-03T14:01:23","date_gmt":"2026-09-03T17:01:23","guid":{"rendered":"https:\/\/revistabife.com\/?p=41005"},"modified":"2026-09-03T14:01:24","modified_gmt":"2026-09-03T17:01:24","slug":"mas-de-70-motorhomes-y-casillas-de-nueve-provincias-llegan-a-eduardo-castex","status":"publish","type":"post","link":"https:\/\/revistabife.com\/index.php\/2026\/09\/03\/mas-de-70-motorhomes-y-casillas-de-nueve-provincias-llegan-a-eduardo-castex\/","title":{"rendered":"M\u00e1s de 70 motorhomes y casillas de nueve provincias llegan a Eduardo Castex"},"content":{"rendered":"\n<p class=\"has-medium-font-size\">Eduardo Castex se prepara para recibir a m\u00e1s de 70 motorhomes y casillas de nueve provincias durante la tercera edici\u00f3n del Encuentro de Rodanteros, que se desarrollar\u00e1 desde este viernes hasta el domingo con actividades tur\u00edsticas, deportivas, culturales y gastron\u00f3micas.<\/p>\n\n\n\n<p class=\"has-medium-font-size\">El Polideportivo Municipal, ubicado sobre la Ruta Nacional 35, ser\u00e1 el punto de encuentro de los visitantes, que durante tres d\u00edas recorrer\u00e1n distintos atractivos de la localidad y participar\u00e1n de actividades junto a la comunidad.<\/p>\n\n\n\n<p class=\"has-medium-font-size\">Entre los veh\u00edculos inscriptos hay uno proveniente de R\u00edo Grande, Tierra del Fuego, cuyos ocupantes realizar\u00e1n uno de los recorridos m\u00e1s extensos para llegar a Castex. La convocatoria tambi\u00e9n incluye rodanteros de distintos puntos de La Pampa y de otras ocho provincias.<\/p>\n\n\n\n<p class=\"has-medium-font-size\">El secretario de Turismo de La Pampa, Sa\u00fal Echeveste, destac\u00f3 el impacto de este tipo de actividades en el movimiento tur\u00edstico y comercial de las localidades. Se\u00f1al\u00f3 que el turismo de motorhomes y casillas permite incorporar nuevos destinos a los circuitos de viajeros y genera consumo en comercios, emprendimientos, gastronom\u00eda y servicios.<\/p>\n\n\n\n<p class=\"has-medium-font-size\">Desde el municipio, el referente de Deportes, Sacha Elosegui, destac\u00f3 el trabajo conjunto de las distintas \u00e1reas para organizar las actividades recreativas y deportivas del s\u00e1bado.<\/p>\n\n\n\n<h3 class=\"wp-block-heading\">Tres d\u00edas de actividades<\/h3>\n\n\n\n<p class=\"has-medium-font-size\">La programaci\u00f3n comenzar\u00e1 este viernes con la recepci\u00f3n de las delegaciones. Por la noche habr\u00e1 una pe\u00f1a folcl\u00f3rica con La Huella, el Ballet Piuqu\u00e9n, Ra\u00edces Pampeanas y Tutu Pampa. El cierre estar\u00e1 a cargo de Julieta Dumler.<\/p>\n\n\n\n<p class=\"has-medium-font-size\">El s\u00e1bado por la ma\u00f1ana, los visitantes recorrer\u00e1n algunos de los principales atractivos de Eduardo Castex, entre ellos el reloj cuc\u00fa y el museo. Por la tarde habr\u00e1 juegos y actividades para las familias coordinadas por las \u00e1reas de Turismo y Deportes.<\/p>\n\n\n\n<p class=\"has-medium-font-size\">La jornada terminar\u00e1 con m\u00fasica, karaoke y un espect\u00e1culo bailable.<\/p>\n\n\n\n<p class=\"has-medium-font-size\">El domingo al mediod\u00eda, los rodanteros de Castex ofrecer\u00e1n un asado criollo a los visitantes. El cierre ser\u00e1 a las 15 con una caravana de motorhomes y casillas y una fotograf\u00eda grupal.<\/p>\n\n\n\n<p class=\"has-medium-font-size\">El referente de Turismo local, Mat\u00edas Riera, se\u00f1al\u00f3 que la intenci\u00f3n es consolidar el encuentro como una actividad anual y posicionar a Eduardo Castex dentro de los recorridos de quienes viajan por el pa\u00eds en motorhome o casilla.<\/p>\n","protected":false},"excerpt":{"rendered":"<p>Eduardo Castex se prepara para recibir a m\u00e1s de 70 motorhomes y casillas de nueve<\/p>\n","protected":false},"author":1,"featured_media":41006,"comment_status":"closed","ping_status":"open","sticky":false,"template":"","format":"standard","meta":{"om_disable_all_campaigns":false,"_exactmetrics_skip_tracking":false,"_monsterinsights_skip_tracking":false,"_uf_show_specific_survey":0,"_uf_disable_surveys":false,"footnotes":""},"categories":[32,1913],"tags":[],"class_list":["post-41005","post","type-post","status-publish","format-standard","has-post-thumbnail","hentry","category-actualidad","category-porvinciales"],"aioseo_notices":[],"_links":{"self":[{"href":"https:\/\/revistabife.com\/index.php\/wp-json\/wp\/v2\/posts\/41005"}],"collection":[{"href":"https:\/\/revistabife.com\/index.php\/wp-json\/wp\/v2\/posts"}],"about":[{"href":"https:\/\/revistabife.com\/index.php\/wp-json\/wp\/v2\/types\/post"}],"author":[{"embeddable":true,"href":"https:\/\/revistabife.com\/index.php\/wp-json\/wp\/v2\/users\/1"}],"replies":[{"embeddable":true,"href":"https:\/\/revistabife.com\/index.php\/wp-json\/wp\/v2\/comments?post=41005"}],"version-history":[{"count":1,"href":"https:\/\/revistabife.com\/index.php\/wp-json\/wp\/v2\/posts\/41005\/revisions"}],"predecessor-version":[{"id":41007,"href":"https:\/\/revistabife.com\/index.php\/wp-json\/wp\/v2\/posts\/41005\/revisions\/41007"}],"wp:featuredmedia":[{"embeddable":true,"href":"https:\/\/revistabife.com\/index.php\/wp-json\/wp\/v2\/media\/41006"}],"wp:attachment":[{"href":"https:\/\/revistabife.com\/index.php\/wp-json\/wp\/v2\/media?parent=41005"}],"wp:term":[{"taxonomy":"category","embeddable":true,"href":"https:\/\/revistabife.com\/index.php\/wp-json\/wp\/v2\/categories?post=41005"},{"taxonomy":"post_tag","embeddable":true,"href":"https:\/\/revistabife.com\/index.php\/wp-json\/wp\/v2\/tags?post=41005"}],"curies":[{"name":"wp","href":"https:\/\/api.w.org\/{rel}","templated":true}]}}