{"id":41002,"date":"2026-09-03T13:59:14","date_gmt":"2026-09-03T16:59:14","guid":{"rendered":"https:\/\/revistabife.com\/?p=41002"},"modified":"2026-09-03T13:59:15","modified_gmt":"2026-09-03T16:59:15","slug":"mas-de-2-500-familias-esperan-una-vivienda-en-santa-rosa-el-ipav-defendio-el-sistema-de-adjudicacion","status":"publish","type":"post","link":"https:\/\/revistabife.com\/index.php\/2026\/09\/03\/mas-de-2-500-familias-esperan-una-vivienda-en-santa-rosa-el-ipav-defendio-el-sistema-de-adjudicacion\/","title":{"rendered":"M\u00e1s de 2.500 familias esperan una vivienda en Santa Rosa: el IPAV defendi\u00f3 el sistema de adjudicaci\u00f3n"},"content":{"rendered":"\n<p class=\"has-medium-font-size\">M\u00e1s de 2.500 familias de Santa Rosa est\u00e1n inscriptas y en condiciones de participar de un sorteo para acceder a una vivienda, en un escenario marcado por la paralizaci\u00f3n de los programas habitacionales nacionales. La presidenta del IPAV, Erica Riboyra, asegur\u00f3 que la Provincia mantiene la construcci\u00f3n de casas y remarc\u00f3 que las adjudicaciones se realizan mediante un sistema p\u00fablico y transparente.<\/p>\n\n\n\n<p class=\"has-medium-font-size\">Riboyra sostuvo que el organismo recibe y analiza los reclamos de las familias que esperan una vivienda, pero advirti\u00f3 que la demanda no puede resolverse a partir de qui\u00e9n consigue mayor visibilidad o ejerce m\u00e1s presi\u00f3n.<\/p>\n\n\n\n<p class=\"has-medium-font-size\">\u201cDetr\u00e1s de cada familia que se acerca al IPAV hay una historia, una necesidad y muchas veces a\u00f1os de espera\u201d, se\u00f1al\u00f3. En ese sentido, plante\u00f3 que el acceso a una vivienda debe garantizar \u201cigualdad y transparencia\u201d y no depender de \u201cqui\u00e9n reclama m\u00e1s fuerte\u201d o de qui\u00e9n logra presentarse como representante de un grupo.<\/p>\n\n\n\n<p class=\"has-medium-font-size\">Seg\u00fan inform\u00f3, solo en Santa Rosa hay actualmente m\u00e1s de 2.500 familias que cumplen las condiciones para participar de un sorteo. \u201cCada una tiene su historia y sus necesidades. Y justamente por eso, el acceso a una vivienda no puede depender de qui\u00e9n reclama m\u00e1s fuerte, de qui\u00e9n dice ser representante o de qui\u00e9n logra mayor visibilidad\u201d, afirm\u00f3.<\/p>\n\n\n\n<p class=\"has-medium-font-size\">La titular del IPAV defendi\u00f3 el mecanismo de adjudicaci\u00f3n y asegur\u00f3 que es \u201cabsolutamente p\u00fablico y transparente\u201d, una caracter\u00edstica que, sostuvo, permite evitar arbitrariedades en la entrega de las viviendas.<\/p>\n\n\n\n<p class=\"has-medium-font-size\">\u201cEso no significa desconocer las situaciones particulares. Al contrario: significa escuchar, evaluar y buscar respuestas dentro de un sistema que debe cuidar a todos\u201d, agreg\u00f3.<\/p>\n\n\n\n<h3 class=\"wp-block-heading\">El impacto del ajuste nacional<\/h3>\n\n\n\n<p class=\"has-medium-font-size\">Riboyra vincul\u00f3 el crecimiento de la demanda habitacional con la decisi\u00f3n del Gobierno de Javier Milei de discontinuar la construcci\u00f3n de viviendas y paralizar programas nacionales.<\/p>\n\n\n\n<p class=\"has-medium-font-size\">\u201cLos pampeanos soportamos una decisi\u00f3n injusta y cruel del Gobierno de Milei, que elimin\u00f3 la construcci\u00f3n de viviendas y paraliz\u00f3 programas habitacionales fundamentales para miles de familias\u201d, afirm\u00f3.<\/p>\n\n\n\n<p class=\"has-medium-font-size\">Frente a esa situaci\u00f3n, destac\u00f3 que La Pampa decidi\u00f3 sostener con recursos propios su pol\u00edtica habitacional. \u201cEscuchamos a todos los pampeanos. Y en materia de viviendas damos las respuestas posibles, no las que quisi\u00e9ramos\u201d, dijo.<\/p>\n\n\n\n<p class=\"has-medium-font-size\">\u201cSeguimos construyendo. Seguimos gestionando. Seguimos buscando alternativas\u201d, agreg\u00f3.<\/p>\n\n\n\n<p class=\"has-medium-font-size\">Para Riboyra, la magnitud de la demanda obliga a mantener criterios comunes para todas las familias inscriptas. \u201cLa vivienda no es un privilegio. Es un derecho\u201d, sostuvo. Y a\u00f1adi\u00f3 que garantizarlo requiere \u201cdecisi\u00f3n pol\u00edtica, recursos, planificaci\u00f3n y un Gobierno que se haga cargo\u201d.<\/p>\n\n\n\n<p class=\"has-medium-font-size\">\u201cLos vamos a escuchar, vamos a evaluar cada situaci\u00f3n y vamos a trabajar para encontrar respuestas\u201d, concluy\u00f3.<\/p>\n","protected":false},"excerpt":{"rendered":"<p>M\u00e1s de 2.500 familias de Santa Rosa est\u00e1n inscriptas y en condiciones de participar de<\/p>\n","protected":false},"author":1,"featured_media":41003,"comment_status":"closed","ping_status":"open","sticky":false,"template":"","format":"standard","meta":{"om_disable_all_campaigns":false,"_exactmetrics_skip_tracking":false,"_monsterinsights_skip_tracking":false,"_uf_show_specific_survey":0,"_uf_disable_surveys":false,"footnotes":""},"categories":[32,1913],"tags":[],"class_list":["post-41002","post","type-post","status-publish","format-standard","has-post-thumbnail","hentry","category-actualidad","category-porvinciales"],"aioseo_notices":[],"_links":{"self":[{"href":"https:\/\/revistabife.com\/index.php\/wp-json\/wp\/v2\/posts\/41002"}],"collection":[{"href":"https:\/\/revistabife.com\/index.php\/wp-json\/wp\/v2\/posts"}],"about":[{"href":"https:\/\/revistabife.com\/index.php\/wp-json\/wp\/v2\/types\/post"}],"author":[{"embeddable":true,"href":"https:\/\/revistabife.com\/index.php\/wp-json\/wp\/v2\/users\/1"}],"replies":[{"embeddable":true,"href":"https:\/\/revistabife.com\/index.php\/wp-json\/wp\/v2\/comments?post=41002"}],"version-history":[{"count":1,"href":"https:\/\/revistabife.com\/index.php\/wp-json\/wp\/v2\/posts\/41002\/revisions"}],"predecessor-version":[{"id":41004,"href":"https:\/\/revistabife.com\/index.php\/wp-json\/wp\/v2\/posts\/41002\/revisions\/41004"}],"wp:featuredmedia":[{"embeddable":true,"href":"https:\/\/revistabife.com\/index.php\/wp-json\/wp\/v2\/media\/41003"}],"wp:attachment":[{"href":"https:\/\/revistabife.com\/index.php\/wp-json\/wp\/v2\/media?parent=41002"}],"wp:term":[{"taxonomy":"category","embeddable":true,"href":"https:\/\/revistabife.com\/index.php\/wp-json\/wp\/v2\/categories?post=41002"},{"taxonomy":"post_tag","embeddable":true,"href":"https:\/\/revistabife.com\/index.php\/wp-json\/wp\/v2\/tags?post=41002"}],"curies":[{"name":"wp","href":"https:\/\/api.w.org\/{rel}","templated":true}]}}