{"id":40997,"date":"2026-09-02T13:52:16","date_gmt":"2026-09-02T16:52:16","guid":{"rendered":"https:\/\/revistabife.com\/?p=40997"},"modified":"2026-09-02T13:52:17","modified_gmt":"2026-09-02T16:52:17","slug":"ziliotto-firmo-el-contrato-para-ampliar-salud-mental-del-favaloro-molas","status":"publish","type":"post","link":"https:\/\/revistabife.com\/index.php\/2026\/09\/02\/ziliotto-firmo-el-contrato-para-ampliar-salud-mental-del-favaloro-molas\/","title":{"rendered":"Ziliotto firm\u00f3 el contrato para ampliar Salud Mental del Favaloro-Molas"},"content":{"rendered":"\n<p class=\"has-medium-font-size\">El Gobierno de La Pampa firm\u00f3 el contrato para iniciar la ampliaci\u00f3n y refacci\u00f3n del Departamento de Salud Mental del Complejo Hospitalario Favaloro-Molas, en Santa Rosa. La obra demandar\u00e1 una inversi\u00f3n de <strong>$6.335 millones<\/strong>, tendr\u00e1 un plazo de ejecuci\u00f3n de 720 d\u00edas y permitir\u00e1 <strong>duplicar la capacidad operativa del servicio<\/strong>.<\/p>\n\n\n\n<p class=\"has-medium-font-size\">El proyecto contempla una superficie total de <strong>2.295 metros cuadrados<\/strong>, con 36 camas de internaci\u00f3n: 28 para personas adultas y ocho para el \u00e1rea infantojuvenil. Tambi\u00e9n incorporar\u00e1 un sector espec\u00edfico para adolescentes, un Centro de D\u00eda y una guardia de Salud Mental.<\/p>\n\n\n\n<p class=\"has-medium-font-size\">El contrato fue firmado este martes en el Sal\u00f3n de Acuerdos del Centro C\u00edvico por el gobernador Sergio Ziliotto y representantes de <strong>Innokonst Construcciones<\/strong>, empresa adjudicataria de los trabajos. Del acto participaron los ministros de Obras y Servicios P\u00fablicos, Alfredo Intronati, y de Salud, Mario Kohan, adem\u00e1s del subsecretario de Salud Mental y Adicciones, Mart\u00edn Malg\u00e1.<\/p>\n\n\n\n<p class=\"has-medium-font-size\">La intervenci\u00f3n incluye la refacci\u00f3n de <strong>425 metros cuadrados<\/strong> de sectores existentes y la construcci\u00f3n de otros <strong>1.870 metros cuadrados<\/strong> en el sector norte del predio.<\/p>\n\n\n\n<h2 class=\"wp-block-heading\">M\u00e1s camas y atenci\u00f3n para adolescentes<\/h2>\n\n\n\n<p class=\"has-medium-font-size\">Uno de los principales cambios ser\u00e1 la incorporaci\u00f3n de un \u00e1rea exclusiva para internaci\u00f3n infantojuvenil, con ocho camas, espacio de estar com\u00fan, patio interno y sectores destinados a talleres.<\/p>\n\n\n\n<p class=\"has-medium-font-size\">La ampliaci\u00f3n tambi\u00e9n sumar\u00e1 un <strong>Centro de D\u00eda<\/strong>, con dispositivos ambulatorios intensivos para personas adultas, ni\u00f1os y adolescentes. El objetivo es reforzar la atenci\u00f3n sin internaci\u00f3n, favorecer la externaci\u00f3n y garantizar la continuidad de los tratamientos.<\/p>\n\n\n\n<p class=\"has-medium-font-size\">A esto se agregar\u00e1 una <strong>guardia de Salud Mental<\/strong> para atender situaciones de urgencia.<\/p>\n\n\n\n<p class=\"has-medium-font-size\">Malg\u00e1 explic\u00f3 que la obra permitir\u00e1 duplicar la capacidad actual de consultorios y camas y fortalecer un servicio que concentra una parte importante de la demanda provincial, particularmente de las zonas sanitarias I y V.<\/p>\n\n\n\n<p class=\"has-medium-font-size\">\u201cEsta obra representa un salto en el acceso y la calidad del servicio\u201d, sostuvo el funcionario.<\/p>\n\n\n\n<h2 class=\"wp-block-heading\">Una obra frente al aumento de la demanda<\/h2>\n\n\n\n<p class=\"has-medium-font-size\">La ampliaci\u00f3n se inscribe en el fortalecimiento de la Red P\u00fablica de Salud Mental de La Pampa, en un contexto de aumento de la demanda, especialmente entre ni\u00f1os, ni\u00f1as y adolescentes.<\/p>\n\n\n\n<p class=\"has-medium-font-size\">Durante el acto, Ziliotto sostuvo que el Estado debe ampliar su capacidad de respuesta frente a esa situaci\u00f3n y remarc\u00f3 que la infraestructura debe estar acompa\u00f1ada por profesionales y pol\u00edticas de atenci\u00f3n.<\/p>\n\n\n\n<p class=\"has-medium-font-size\">\u201cLa salud mental es uno de los grandes desaf\u00edos que tenemos como sociedad\u201d, afirm\u00f3.<\/p>\n\n\n\n<p class=\"has-medium-font-size\">El gobernador tambi\u00e9n destac\u00f3 que la Provincia contin\u00faa destinando recursos propios a la salud p\u00fablica pese a las restricciones econ\u00f3micas. \u201cCada peso que invertimos en salud p\u00fablica es una inversi\u00f3n en calidad de vida y en igualdad de oportunidades\u201d, se\u00f1al\u00f3.<\/p>\n\n\n\n<p class=\"has-medium-font-size\">Adem\u00e1s de la ampliaci\u00f3n, los trabajos incluir\u00e1n la renovaci\u00f3n de consultorios y habitaciones existentes y la intervenci\u00f3n sobre pisos, carpinter\u00edas, sanitarios, cubiertas, instalaciones y desag\u00fces.<\/p>\n\n\n\n<p class=\"has-medium-font-size\">Con la obra terminada, el Favaloro-Molas contar\u00e1 con m\u00e1s capacidad de internaci\u00f3n y atenci\u00f3n ambulatoria y con nuevos dispositivos espec\u00edficos para abordar las necesidades de salud mental de la poblaci\u00f3n adulta e infantojuvenil.<\/p>\n","protected":false},"excerpt":{"rendered":"<p>El Gobierno de La Pampa firm\u00f3 el contrato para iniciar la ampliaci\u00f3n y refacci\u00f3n del<\/p>\n","protected":false},"author":1,"featured_media":40998,"comment_status":"closed","ping_status":"open","sticky":false,"template":"","format":"standard","meta":{"om_disable_all_campaigns":false,"_exactmetrics_skip_tracking":false,"_monsterinsights_skip_tracking":false,"_uf_show_specific_survey":0,"_uf_disable_surveys":false,"footnotes":""},"categories":[32,1913],"tags":[],"class_list":["post-40997","post","type-post","status-publish","format-standard","has-post-thumbnail","hentry","category-actualidad","category-porvinciales"],"aioseo_notices":[],"_links":{"self":[{"href":"https:\/\/revistabife.com\/index.php\/wp-json\/wp\/v2\/posts\/40997"}],"collection":[{"href":"https:\/\/revistabife.com\/index.php\/wp-json\/wp\/v2\/posts"}],"about":[{"href":"https:\/\/revistabife.com\/index.php\/wp-json\/wp\/v2\/types\/post"}],"author":[{"embeddable":true,"href":"https:\/\/revistabife.com\/index.php\/wp-json\/wp\/v2\/users\/1"}],"replies":[{"embeddable":true,"href":"https:\/\/revistabife.com\/index.php\/wp-json\/wp\/v2\/comments?post=40997"}],"version-history":[{"count":1,"href":"https:\/\/revistabife.com\/index.php\/wp-json\/wp\/v2\/posts\/40997\/revisions"}],"predecessor-version":[{"id":40999,"href":"https:\/\/revistabife.com\/index.php\/wp-json\/wp\/v2\/posts\/40997\/revisions\/40999"}],"wp:featuredmedia":[{"embeddable":true,"href":"https:\/\/revistabife.com\/index.php\/wp-json\/wp\/v2\/media\/40998"}],"wp:attachment":[{"href":"https:\/\/revistabife.com\/index.php\/wp-json\/wp\/v2\/media?parent=40997"}],"wp:term":[{"taxonomy":"category","embeddable":true,"href":"https:\/\/revistabife.com\/index.php\/wp-json\/wp\/v2\/categories?post=40997"},{"taxonomy":"post_tag","embeddable":true,"href":"https:\/\/revistabife.com\/index.php\/wp-json\/wp\/v2\/tags?post=40997"}],"curies":[{"name":"wp","href":"https:\/\/api.w.org\/{rel}","templated":true}]}}