{"id":40994,"date":"2026-09-02T13:50:41","date_gmt":"2026-09-02T16:50:41","guid":{"rendered":"https:\/\/revistabife.com\/?p=40994"},"modified":"2026-09-02T13:50:42","modified_gmt":"2026-09-02T16:50:42","slug":"entregaron-creditos-para-emprendimientos-en-puelches","status":"publish","type":"post","link":"https:\/\/revistabife.com\/index.php\/2026\/09\/02\/entregaron-creditos-para-emprendimientos-en-puelches\/","title":{"rendered":"Entregaron cr\u00e9ditos para emprendimientos en Puelches"},"content":{"rendered":"\n<p class=\"has-medium-font-size\">El Gobierno provincial entreg\u00f3 fondos para emprendimientos de <strong>Econom\u00eda Social y Desarrollo Productivo<\/strong> en Puelches, a trav\u00e9s de los programas previstos por la Ley de Descentralizaci\u00f3n.<\/p>\n\n\n\n<p class=\"has-medium-font-size\">Los cr\u00e9ditos tienen caracter\u00edsticas particulares: son <strong>a tasa 0% y cuentan con un per\u00edodo de gracia para comenzar la devoluci\u00f3n<\/strong>. Durante el acto, las emprendedoras beneficiarias explicaron en qu\u00e9 consisten sus proyectos y cu\u00e1l ser\u00e1 el destino de los recursos.<\/p>\n\n\n\n<p class=\"has-medium-font-size\">La entrega se realiz\u00f3 en el Concejo Deliberante y estuvo encabezada por el director de Econom\u00eda Social, <strong>Rodrigo Giraudo<\/strong>, junto al intendente de Puelches, <strong>Julio Gerez<\/strong>.<\/p>\n\n\n\n<p class=\"has-medium-font-size\">Adem\u00e1s de los fondos destinados a los emprendimientos, se entregaron recursos del <strong>Programa de Participaci\u00f3n Comunitaria<\/strong> para equipar un espacio deportivo y recreativo que ser\u00e1 utilizado por vecinos y vecinas de la localidad.<\/p>\n\n\n\n<p class=\"has-medium-font-size\">Giraudo convers\u00f3 con las emprendedoras sobre cada una de las iniciativas y destac\u00f3 el acompa\u00f1amiento provincial a peque\u00f1os emprendimientos como una herramienta para generar nuevas oportunidades de trabajo y producci\u00f3n en las localidades.<\/p>\n\n\n\n<p class=\"has-medium-font-size\">Por su parte, Gerez agradeci\u00f3 el apoyo del Gobierno provincial y destac\u00f3 el impacto de los fondos para los proyectos impulsados por familias de Puelches.<\/p>\n","protected":false},"excerpt":{"rendered":"<p>El Gobierno provincial entreg\u00f3 fondos para emprendimientos de Econom\u00eda Social y Desarrollo Productivo en Puelches,<\/p>\n","protected":false},"author":1,"featured_media":40995,"comment_status":"closed","ping_status":"open","sticky":false,"template":"","format":"standard","meta":{"om_disable_all_campaigns":false,"_exactmetrics_skip_tracking":false,"_monsterinsights_skip_tracking":false,"_uf_show_specific_survey":0,"_uf_disable_surveys":false,"footnotes":""},"categories":[32,1913],"tags":[],"class_list":["post-40994","post","type-post","status-publish","format-standard","has-post-thumbnail","hentry","category-actualidad","category-porvinciales"],"aioseo_notices":[],"_links":{"self":[{"href":"https:\/\/revistabife.com\/index.php\/wp-json\/wp\/v2\/posts\/40994"}],"collection":[{"href":"https:\/\/revistabife.com\/index.php\/wp-json\/wp\/v2\/posts"}],"about":[{"href":"https:\/\/revistabife.com\/index.php\/wp-json\/wp\/v2\/types\/post"}],"author":[{"embeddable":true,"href":"https:\/\/revistabife.com\/index.php\/wp-json\/wp\/v2\/users\/1"}],"replies":[{"embeddable":true,"href":"https:\/\/revistabife.com\/index.php\/wp-json\/wp\/v2\/comments?post=40994"}],"version-history":[{"count":1,"href":"https:\/\/revistabife.com\/index.php\/wp-json\/wp\/v2\/posts\/40994\/revisions"}],"predecessor-version":[{"id":40996,"href":"https:\/\/revistabife.com\/index.php\/wp-json\/wp\/v2\/posts\/40994\/revisions\/40996"}],"wp:featuredmedia":[{"embeddable":true,"href":"https:\/\/revistabife.com\/index.php\/wp-json\/wp\/v2\/media\/40995"}],"wp:attachment":[{"href":"https:\/\/revistabife.com\/index.php\/wp-json\/wp\/v2\/media?parent=40994"}],"wp:term":[{"taxonomy":"category","embeddable":true,"href":"https:\/\/revistabife.com\/index.php\/wp-json\/wp\/v2\/categories?post=40994"},{"taxonomy":"post_tag","embeddable":true,"href":"https:\/\/revistabife.com\/index.php\/wp-json\/wp\/v2\/tags?post=40994"}],"curies":[{"name":"wp","href":"https:\/\/api.w.org\/{rel}","templated":true}]}}