{"id":40991,"date":"2026-09-02T13:46:52","date_gmt":"2026-09-02T16:46:52","guid":{"rendered":"https:\/\/revistabife.com\/?p=40991"},"modified":"2026-09-02T13:46:53","modified_gmt":"2026-09-02T16:46:53","slug":"licitaron-el-nuevo-sum-de-anguil-seis-empresas-presentaron-ofertas","status":"publish","type":"post","link":"https:\/\/revistabife.com\/index.php\/2026\/09\/02\/licitaron-el-nuevo-sum-de-anguil-seis-empresas-presentaron-ofertas\/","title":{"rendered":"Licitaron el nuevo SUM de Anguil: seis empresas presentaron ofertas"},"content":{"rendered":"\n<p class=\"has-medium-font-size\">La obra tiene un presupuesto oficial de $1.406 millones y un plazo de ejecuci\u00f3n de 360 d\u00edas. Dos de las propuestas quedaron por debajo del monto previsto.<\/p>\n\n\n\n<p class=\"has-medium-font-size\">El Gobierno de La Pampa abri\u00f3 las ofertas para construir un nuevo Sal\u00f3n de Usos M\u00faltiples (SUM) en Anguil, anunciado por el gobernador Sergio Ziliotto hace poco m\u00e1s de un mes.<\/p>\n\n\n\n<p class=\"has-medium-font-size\">La obra se realizar\u00e1 en la esquina de <strong>Bartolom\u00e9 Mitre y Eduardo Castex<\/strong>, tendr\u00e1 una superficie total de <strong>934,7 metros cuadrados<\/strong> y contar\u00e1 con sal\u00f3n principal, sanitarios, cocina y aulas taller.<\/p>\n\n\n\n<p class=\"has-medium-font-size\">La primera etapa, que abarca <strong>785,27 metros cuadrados<\/strong>, incluye el SUM, los sanitarios y la cocina. Las aulas taller quedar\u00e1n para una segunda instancia.<\/p>\n\n\n\n<p class=\"has-medium-font-size\">Se presentaron <strong>IACO Construcciones, Fern\u00e1ndez Jos\u00e9 Rub\u00e9n, ILKA Construcciones, ECOP Construcciones, BK Construcciones y Canalis Antonella<\/strong>. Dos ofertas quedaron por debajo del presupuesto oficial de <strong>$1.406.440.198<\/strong>.<\/p>\n\n\n\n<p class=\"has-medium-font-size\">Ahora comenzar\u00e1 la evaluaci\u00f3n t\u00e9cnica y econ\u00f3mica de las propuestas, antes de la adjudicaci\u00f3n y la firma del contrato.<\/p>\n\n\n\n<p class=\"has-medium-font-size\">El nuevo espacio estar\u00e1 destinado a actividades <strong>sociales, culturales, educativas y recreativas<\/strong> de las instituciones y la comunidad de Anguil.<\/p>\n","protected":false},"excerpt":{"rendered":"<p>La obra tiene un presupuesto oficial de $1.406 millones y un plazo de ejecuci\u00f3n de<\/p>\n","protected":false},"author":1,"featured_media":40992,"comment_status":"closed","ping_status":"open","sticky":false,"template":"","format":"standard","meta":{"om_disable_all_campaigns":false,"_exactmetrics_skip_tracking":false,"_monsterinsights_skip_tracking":false,"_uf_show_specific_survey":0,"_uf_disable_surveys":false,"footnotes":""},"categories":[32,1913],"tags":[],"class_list":["post-40991","post","type-post","status-publish","format-standard","has-post-thumbnail","hentry","category-actualidad","category-porvinciales"],"aioseo_notices":[],"_links":{"self":[{"href":"https:\/\/revistabife.com\/index.php\/wp-json\/wp\/v2\/posts\/40991"}],"collection":[{"href":"https:\/\/revistabife.com\/index.php\/wp-json\/wp\/v2\/posts"}],"about":[{"href":"https:\/\/revistabife.com\/index.php\/wp-json\/wp\/v2\/types\/post"}],"author":[{"embeddable":true,"href":"https:\/\/revistabife.com\/index.php\/wp-json\/wp\/v2\/users\/1"}],"replies":[{"embeddable":true,"href":"https:\/\/revistabife.com\/index.php\/wp-json\/wp\/v2\/comments?post=40991"}],"version-history":[{"count":1,"href":"https:\/\/revistabife.com\/index.php\/wp-json\/wp\/v2\/posts\/40991\/revisions"}],"predecessor-version":[{"id":40993,"href":"https:\/\/revistabife.com\/index.php\/wp-json\/wp\/v2\/posts\/40991\/revisions\/40993"}],"wp:featuredmedia":[{"embeddable":true,"href":"https:\/\/revistabife.com\/index.php\/wp-json\/wp\/v2\/media\/40992"}],"wp:attachment":[{"href":"https:\/\/revistabife.com\/index.php\/wp-json\/wp\/v2\/media?parent=40991"}],"wp:term":[{"taxonomy":"category","embeddable":true,"href":"https:\/\/revistabife.com\/index.php\/wp-json\/wp\/v2\/categories?post=40991"},{"taxonomy":"post_tag","embeddable":true,"href":"https:\/\/revistabife.com\/index.php\/wp-json\/wp\/v2\/tags?post=40991"}],"curies":[{"name":"wp","href":"https:\/\/api.w.org\/{rel}","templated":true}]}}