{"id":40980,"date":"2026-09-01T09:45:19","date_gmt":"2026-09-01T12:45:19","guid":{"rendered":"https:\/\/revistabife.com\/?p=40980"},"modified":"2026-09-01T09:45:20","modified_gmt":"2026-09-01T12:45:20","slug":"una-tarde-de-juegos-talleres-y-musica-para-las-infancias-en-el-club-sarmiento","status":"publish","type":"post","link":"https:\/\/revistabife.com\/index.php\/2026\/09\/01\/una-tarde-de-juegos-talleres-y-musica-para-las-infancias-en-el-club-sarmiento\/","title":{"rendered":"Una tarde de juegos, talleres y m\u00fasica para las infancias en el Club Sarmiento"},"content":{"rendered":"\n<p class=\"has-medium-font-size\">La CPE organiz\u00f3 el s\u00e1bado una jornada para celebrar el D\u00eda de las Infancias en el Club Sarmiento de Santa Rosa. Desde las 14, familias de distintos barrios participaron de juegos, actividades art\u00edsticas y deportivas, muestras de los talleres de la cooperativa y espect\u00e1culos.<\/p>\n\n\n\n<p class=\"has-medium-font-size\">La propuesta reuni\u00f3 a integrantes de buena parte de los 45 talleres que funcionan en la CPE. Hubo mesas de dibujo, partidas de ajedrez, yoga, f\u00fatbol, b\u00e1squet, peluquer\u00eda y distintas actividades pensadas para que ni\u00f1os y ni\u00f1as pudieran participar y llevarse alg\u00fan recuerdo de la jornada.<\/p>\n\n\n\n<p class=\"has-medium-font-size\">Entre las propuestas estuvo \u201cJugando con los sentidos\u201d, del taller de Educaci\u00f3n Alimentaria y Nutrici\u00f3n, que invit\u00f3 a reconocer alimentos saludables a trav\u00e9s del olfato, el tacto y el gusto. Tambi\u00e9n hubo actividades para descubrir dinosaurios, juegos de memoria, creaci\u00f3n de personajes, dibujo y pintura, y propuestas vinculadas con el reciclado.<\/p>\n\n\n\n<p class=\"has-medium-font-size\">Los talleres Repintando y Murales con Identidad trabajaron sobre una propuesta vinculada con los r\u00edos pampeanos, mientras que los de Mosaiquismo y Dibujo y Pintura convocaron a realizar un mural colectivo. El taller de Encuadernaci\u00f3n Artesanal ense\u00f1\u00f3 a fabricar taumatropos y los de Macram\u00e9, Crochet y Macram\u00e9 de Ataliva Roca propusieron tejer llaveros que despu\u00e9s fueron entregados como regalo.<\/p>\n\n\n\n<p class=\"has-medium-font-size\">La peluquer\u00eda tambi\u00e9n tuvo su espacio. Alumnos del taller Pelookearte pintaron el pelo de quienes se acercaron y cortaron gratuitamente a varios chicos, que terminaron la tarde con un nuevo look.<\/p>\n\n\n\n<p class=\"has-medium-font-size\">En el patio del club se concentraron las actividades deportivas. Hubo arcos y pelotas de f\u00fatbol y b\u00e1squet, mientras que los talleres de Yoga propusieron juegos en los que ni\u00f1os y ni\u00f1as deb\u00edan reproducir distintas posturas.<\/p>\n\n\n\n<p class=\"has-medium-font-size\">El escenario qued\u00f3 reservado para las presentaciones art\u00edsticas. El taller de Teatro para Infancias present\u00f3 los sketches \u201cLa jugueter\u00eda\u201d y \u201cDejame leer un cuento\u201d. Luego fue el turno de Teatro para Adultos, con la pieza coreogr\u00e1fica \u201cNatacha\u201d, y del Taller de Tango, que realiz\u00f3 una muestra de baile. El cierre estuvo a cargo de \u201cPasto Verde\u201d, un grupo folcl\u00f3rico inclusivo.<\/p>\n\n\n\n<h2 class=\"wp-block-heading\">Una jornada con participaci\u00f3n de organizaciones<\/h2>\n\n\n\n<p class=\"has-medium-font-size\">La celebraci\u00f3n tambi\u00e9n incorpor\u00f3 a instituciones y organizaciones que habitualmente participan de las actividades de la CPE. El Programa RCP del equipo CODES, dependiente del Ministerio de Salud de La Pampa, instal\u00f3 un espacio con mu\u00f1ecos de entrenamiento para que los asistentes pudieran practicar maniobras de reanimaci\u00f3n cardiopulmonar.<\/p>\n\n\n\n<p class=\"has-medium-font-size\">Tambi\u00e9n participaron integrantes de la Biblioteca Popular Miguel \u00c1ngel G\u00f3mez Drumell, del barrio N\u00e9stor Kirchner. El traslado hasta el Club Sarmiento fue posible gracias al EMTU, que facilit\u00f3 el viaje gratuito en colectivo. Se sumaron adem\u00e1s las cooperativas escolares de Santa Rosa Nacoop y Vos Pod\u00e9s y la Mutual Escolar Huellas de Colores. La Direcci\u00f3n de Tr\u00e1nsito municipal colabor\u00f3 con el ordenamiento vehicular en los alrededores del club.<\/p>\n\n\n\n<p class=\"has-medium-font-size\">La Cooperativa Paulo Freire tuvo a su cargo la conducci\u00f3n del evento. Adem\u00e1s de participar de la organizaci\u00f3n, sus integrantes realizaron la locuci\u00f3n, transmitieron la jornada por streaming y recorrieron los distintos puestos como noteros de CPEtv, donde entrevistaron a los talleristas.<\/p>\n\n\n\n<p class=\"has-medium-font-size\">En otros espacios del club estuvieron los sectores de Enfermer\u00eda, Seguridad e Higiene, la Biblioteca Domingo Gentili y la Editorial Voces de la CPE, con muestras de sus actividades.<\/p>\n\n\n\n<p class=\"has-medium-font-size\">Durante la jornada, consejeros, consejeras y autoridades de la cooperativa recorrieron los distintos espacios y acompa\u00f1aron la organizaci\u00f3n. El encuentro termin\u00f3 con una merienda compartida entre las familias que participaron de la actividad.<\/p>\n","protected":false},"excerpt":{"rendered":"<p>La CPE organiz\u00f3 el s\u00e1bado una jornada para celebrar el D\u00eda de las Infancias en<\/p>\n","protected":false},"author":1,"featured_media":40981,"comment_status":"closed","ping_status":"open","sticky":false,"template":"","format":"standard","meta":{"om_disable_all_campaigns":false,"_exactmetrics_skip_tracking":false,"_monsterinsights_skip_tracking":false,"_uf_show_specific_survey":0,"_uf_disable_surveys":false,"footnotes":""},"categories":[1],"tags":[],"class_list":["post-40980","post","type-post","status-publish","format-standard","has-post-thumbnail","hentry","category-sin-categoria"],"aioseo_notices":[],"_links":{"self":[{"href":"https:\/\/revistabife.com\/index.php\/wp-json\/wp\/v2\/posts\/40980"}],"collection":[{"href":"https:\/\/revistabife.com\/index.php\/wp-json\/wp\/v2\/posts"}],"about":[{"href":"https:\/\/revistabife.com\/index.php\/wp-json\/wp\/v2\/types\/post"}],"author":[{"embeddable":true,"href":"https:\/\/revistabife.com\/index.php\/wp-json\/wp\/v2\/users\/1"}],"replies":[{"embeddable":true,"href":"https:\/\/revistabife.com\/index.php\/wp-json\/wp\/v2\/comments?post=40980"}],"version-history":[{"count":1,"href":"https:\/\/revistabife.com\/index.php\/wp-json\/wp\/v2\/posts\/40980\/revisions"}],"predecessor-version":[{"id":40982,"href":"https:\/\/revistabife.com\/index.php\/wp-json\/wp\/v2\/posts\/40980\/revisions\/40982"}],"wp:featuredmedia":[{"embeddable":true,"href":"https:\/\/revistabife.com\/index.php\/wp-json\/wp\/v2\/media\/40981"}],"wp:attachment":[{"href":"https:\/\/revistabife.com\/index.php\/wp-json\/wp\/v2\/media?parent=40980"}],"wp:term":[{"taxonomy":"category","embeddable":true,"href":"https:\/\/revistabife.com\/index.php\/wp-json\/wp\/v2\/categories?post=40980"},{"taxonomy":"post_tag","embeddable":true,"href":"https:\/\/revistabife.com\/index.php\/wp-json\/wp\/v2\/tags?post=40980"}],"curies":[{"name":"wp","href":"https:\/\/api.w.org\/{rel}","templated":true}]}}