{"id":40977,"date":"2026-08-31T19:21:48","date_gmt":"2026-08-31T22:21:48","guid":{"rendered":"https:\/\/revistabife.com\/?p=40977"},"modified":"2026-08-31T19:21:49","modified_gmt":"2026-08-31T22:21:49","slug":"la-pampa-transferira-a-buenos-aires-su-sistema-para-gestionar-politicas-sociales-y-amplia-acuerdos-en-salud-y-seguridad","status":"publish","type":"post","link":"https:\/\/revistabife.com\/index.php\/2026\/08\/31\/la-pampa-transferira-a-buenos-aires-su-sistema-para-gestionar-politicas-sociales-y-amplia-acuerdos-en-salud-y-seguridad\/","title":{"rendered":"La Pampa transferir\u00e1 a Buenos Aires su sistema para gestionar pol\u00edticas sociales y ampl\u00eda acuerdos en salud y seguridad"},"content":{"rendered":"\n<p class=\"has-medium-font-size\">Ziliotto y Kicillof firmaron nuevos acuerdos de cooperaci\u00f3n en salud, seguridad, turismo y banca p\u00fablica y extendieron por dos a\u00f1os el convenio que mantienen desde 2024. El principal acuerdo permitir\u00e1 a Buenos Aires tomar como referencia el sistema PILQUEN, desarrollado en La Pampa para registrar y administrar informaci\u00f3n de pol\u00edticas sociales.<\/p>\n\n\n\n<p class=\"has-medium-font-size\">La Pampa y Buenos Aires profundizaron este lunes su cooperaci\u00f3n con una serie de acuerdos que apuntan a compartir herramientas y experiencias de gesti\u00f3n. El convenio m\u00e1s concreto permitir\u00e1 que la provincia de Buenos Aires acceda al <strong>PILQUEN<\/strong>, el sistema desarrollado por La Pampa para registrar, sistematizar y seguir la informaci\u00f3n vinculada con las pol\u00edticas sociales.<\/p>\n\n\n\n<p class=\"has-medium-font-size\">A trav\u00e9s del acuerdo, el Ministerio de Desarrollo Social y Derechos Humanos pampeano brindar\u00e1 asistencia t\u00e9cnica y capacitaci\u00f3n al Ministerio de Desarrollo de la Comunidad bonaerense. La experiencia de La Pampa servir\u00e1 como referencia para que Buenos Aires pueda desarrollar su propia herramienta inform\u00e1tica.<\/p>\n\n\n\n<p class=\"has-medium-font-size\">\u201cLa Pampa lo invent\u00f3, lo aplica, Buenos Aires lo adopta\u201d, resumi\u00f3 Axel Kicillof. El sistema fue desarrollado cuando Sergio Ziliotto estaba al frente del \u00e1rea social pampeana.<\/p>\n\n\n\n<p class=\"has-medium-font-size\">Los gobernadores tambi\u00e9n renovaron por otros 24 meses el convenio marco de colaboraci\u00f3n firmado en 2024 y sumaron acuerdos espec\u00edficos en otras \u00e1reas.<\/p>\n\n\n\n<p class=\"has-medium-font-size\">En <strong>banca p\u00fablica<\/strong>, el Banco de La Pampa y el Banco Provincia acordaron intercambiar conocimientos, herramientas de gesti\u00f3n y buenas pr\u00e1cticas. Kicillof destac\u00f3 a ambas entidades como instrumentos de desarrollo y como redes de contenci\u00f3n para familias y empresas frente a la ca\u00edda del consumo.<\/p>\n\n\n\n<p class=\"has-medium-font-size\">En <strong>seguridad<\/strong>, las provincias extendieron por dos a\u00f1os el convenio de cooperaci\u00f3n y profundizar\u00e1n el intercambio de tecnolog\u00eda y capacitaci\u00f3n, especialmente para combatir el delito rural. Entre las herramientas compartidas aparecen drones y mecanismos de coordinaci\u00f3n para investigar delitos que atraviesan los l\u00edmites provinciales.<\/p>\n\n\n\n<p class=\"has-medium-font-size\">En <strong>salud<\/strong>, firmaron protocolos para responder de manera coordinada ante emergencias y profundizar el trabajo conjunto en salud mental. Habr\u00e1 capacitaciones, asistencia t\u00e9cnica, intercambio de experiencias y un sistema de rotaci\u00f3n para residencias.<\/p>\n\n\n\n<p class=\"has-medium-font-size\">Tambi\u00e9n acordaron acciones conjuntas en <strong>turismo<\/strong>, con capacitaci\u00f3n, asistencia entre organismos y promoci\u00f3n de circuitos y fiestas populares que puedan generar actividad en ambas provincias.<\/p>\n\n\n\n<p class=\"has-medium-font-size\">\u201cEsto es la coronaci\u00f3n de un trabajo previo, no es el inicio\u201d, dijo Kicillof. Ziliotto vincul\u00f3 los acuerdos con una concepci\u00f3n del federalismo basada en que las provincias compartan recursos, capacidades y herramientas en lugar de trabajar cada una por su lado.<\/p>\n","protected":false},"excerpt":{"rendered":"<p>Ziliotto y Kicillof firmaron nuevos acuerdos de cooperaci\u00f3n en salud, seguridad, turismo y banca p\u00fablica<\/p>\n","protected":false},"author":1,"featured_media":40978,"comment_status":"closed","ping_status":"open","sticky":false,"template":"","format":"standard","meta":{"om_disable_all_campaigns":false,"_exactmetrics_skip_tracking":false,"_monsterinsights_skip_tracking":false,"_uf_show_specific_survey":0,"_uf_disable_surveys":false,"footnotes":""},"categories":[32,1913],"tags":[],"class_list":["post-40977","post","type-post","status-publish","format-standard","has-post-thumbnail","hentry","category-actualidad","category-porvinciales"],"aioseo_notices":[],"_links":{"self":[{"href":"https:\/\/revistabife.com\/index.php\/wp-json\/wp\/v2\/posts\/40977"}],"collection":[{"href":"https:\/\/revistabife.com\/index.php\/wp-json\/wp\/v2\/posts"}],"about":[{"href":"https:\/\/revistabife.com\/index.php\/wp-json\/wp\/v2\/types\/post"}],"author":[{"embeddable":true,"href":"https:\/\/revistabife.com\/index.php\/wp-json\/wp\/v2\/users\/1"}],"replies":[{"embeddable":true,"href":"https:\/\/revistabife.com\/index.php\/wp-json\/wp\/v2\/comments?post=40977"}],"version-history":[{"count":1,"href":"https:\/\/revistabife.com\/index.php\/wp-json\/wp\/v2\/posts\/40977\/revisions"}],"predecessor-version":[{"id":40979,"href":"https:\/\/revistabife.com\/index.php\/wp-json\/wp\/v2\/posts\/40977\/revisions\/40979"}],"wp:featuredmedia":[{"embeddable":true,"href":"https:\/\/revistabife.com\/index.php\/wp-json\/wp\/v2\/media\/40978"}],"wp:attachment":[{"href":"https:\/\/revistabife.com\/index.php\/wp-json\/wp\/v2\/media?parent=40977"}],"wp:term":[{"taxonomy":"category","embeddable":true,"href":"https:\/\/revistabife.com\/index.php\/wp-json\/wp\/v2\/categories?post=40977"},{"taxonomy":"post_tag","embeddable":true,"href":"https:\/\/revistabife.com\/index.php\/wp-json\/wp\/v2\/tags?post=40977"}],"curies":[{"name":"wp","href":"https:\/\/api.w.org\/{rel}","templated":true}]}}