{"id":40971,"date":"2026-08-31T10:38:14","date_gmt":"2026-08-31T13:38:14","guid":{"rendered":"https:\/\/revistabife.com\/?p=40971"},"modified":"2026-08-31T10:38:16","modified_gmt":"2026-08-31T13:38:16","slug":"la-cpe-renueva-166-delegados-cuando-y-donde-se-vota","status":"publish","type":"post","link":"https:\/\/revistabife.com\/index.php\/2026\/08\/31\/la-cpe-renueva-166-delegados-cuando-y-donde-se-vota\/","title":{"rendered":"La CPE renueva 166 delegados: cu\u00e1ndo y d\u00f3nde se vota"},"content":{"rendered":"\n<p class=\"has-medium-font-size\">Las elecciones ser\u00e1n el 19 de septiembre y definir\u00e1n 107 representantes titulares y 59 suplentes. Para votar, los asociados deber\u00e1n estar al d\u00eda con los pagos al 6 de septiembre, con una excepci\u00f3n para deudas de hasta $6.500.<\/p>\n\n\n\n<p class=\"has-medium-font-size\">La Cooperativa Popular de Electricidad (CPE) renovar\u00e1 el pr\u00f3ximo <strong>19 de septiembre su Cuerpo de Delegados y Delegadas<\/strong>, con elecciones en Santa Rosa, Toay y otras cinco localidades donde presta servicios.<\/p>\n\n\n\n<p class=\"has-medium-font-size\">En total se elegir\u00e1n <strong>107 delegados titulares y 59 suplentes<\/strong>. Santa Rosa concentra la mayor cantidad de cargos, con 86 titulares y 43 suplentes. Le siguen Toay, con 11 y 6; Catril\u00f3, con 3 y 3; Anguil y Lonquimay, con 2 titulares y 2 suplentes cada una; y Ataliva Roca, Mauricio Mayer y Uriburu, con un titular y un suplente por localidad.<\/p>\n\n\n\n<p class=\"has-medium-font-size\">En Santa Rosa se podr\u00e1 votar de <strong>8 a 18<\/strong> en la Usina de 1\u00b0 de Mayo 540, el Centro de Atenci\u00f3n Carlos Lorenzo, el Club Penales y el SUM de la Escuela 180. En Toay, la votaci\u00f3n ser\u00e1 en el sal\u00f3n Pedrucho Tamborini, tambi\u00e9n de 8 a 18. En el resto de las localidades se votar\u00e1 de 9 a 14 en las sedes de la CPE.<\/p>\n\n\n\n<p class=\"has-medium-font-size\">Uno de los requisitos centrales para participar es <strong>no tener facturas vencidas ni saldos impagos al 6 de septiembre<\/strong>. La excepci\u00f3n alcanza a deudas de hasta $6.500, monto establecido como valor hist\u00f3rico.<\/p>\n\n\n\n<p class=\"has-medium-font-size\">Los asociados que necesiten regularizar su situaci\u00f3n tendr\u00e1n tiempo hasta ese mismo d\u00eda y podr\u00e1n hacerlo en las sedes de la Cooperativa, en las localidades correspondientes o mediante los canales de pago habilitados.<\/p>\n\n\n\n<p class=\"has-medium-font-size\">Adem\u00e1s, para votar o integrar una lista es necesario haberse asociado antes del cierre del ejercicio del <strong>30 de junio de 2026<\/strong>.<\/p>\n\n\n\n<p class=\"has-medium-font-size\">Las listas de candidatos podr\u00e1n presentarse hasta el <strong>6 de septiembre inclusive<\/strong>, en Ra\u00fal B. D\u00edaz 218. Desde el 10 de septiembre, la CPE habilitar\u00e1 en su sitio web la consulta para saber si cada asociado est\u00e1 habilitado para votar y en qu\u00e9 distrito debe hacerlo.<\/p>\n\n\n\n<p class=\"has-medium-font-size\">Las elecciones se realizan de acuerdo con la Ley de Cooperativas, el Estatuto de la CPE y su Reglamento de Elecciones.<\/p>\n","protected":false},"excerpt":{"rendered":"<p>Las elecciones ser\u00e1n el 19 de septiembre y definir\u00e1n 107 representantes titulares y 59 suplentes.<\/p>\n","protected":false},"author":1,"featured_media":40972,"comment_status":"closed","ping_status":"open","sticky":false,"template":"","format":"standard","meta":{"om_disable_all_campaigns":false,"_exactmetrics_skip_tracking":false,"_monsterinsights_skip_tracking":false,"_uf_show_specific_survey":0,"_uf_disable_surveys":false,"footnotes":""},"categories":[32,1913],"tags":[],"class_list":["post-40971","post","type-post","status-publish","format-standard","has-post-thumbnail","hentry","category-actualidad","category-porvinciales"],"aioseo_notices":[],"_links":{"self":[{"href":"https:\/\/revistabife.com\/index.php\/wp-json\/wp\/v2\/posts\/40971"}],"collection":[{"href":"https:\/\/revistabife.com\/index.php\/wp-json\/wp\/v2\/posts"}],"about":[{"href":"https:\/\/revistabife.com\/index.php\/wp-json\/wp\/v2\/types\/post"}],"author":[{"embeddable":true,"href":"https:\/\/revistabife.com\/index.php\/wp-json\/wp\/v2\/users\/1"}],"replies":[{"embeddable":true,"href":"https:\/\/revistabife.com\/index.php\/wp-json\/wp\/v2\/comments?post=40971"}],"version-history":[{"count":1,"href":"https:\/\/revistabife.com\/index.php\/wp-json\/wp\/v2\/posts\/40971\/revisions"}],"predecessor-version":[{"id":40973,"href":"https:\/\/revistabife.com\/index.php\/wp-json\/wp\/v2\/posts\/40971\/revisions\/40973"}],"wp:featuredmedia":[{"embeddable":true,"href":"https:\/\/revistabife.com\/index.php\/wp-json\/wp\/v2\/media\/40972"}],"wp:attachment":[{"href":"https:\/\/revistabife.com\/index.php\/wp-json\/wp\/v2\/media?parent=40971"}],"wp:term":[{"taxonomy":"category","embeddable":true,"href":"https:\/\/revistabife.com\/index.php\/wp-json\/wp\/v2\/categories?post=40971"},{"taxonomy":"post_tag","embeddable":true,"href":"https:\/\/revistabife.com\/index.php\/wp-json\/wp\/v2\/tags?post=40971"}],"curies":[{"name":"wp","href":"https:\/\/api.w.org\/{rel}","templated":true}]}}