{"id":40964,"date":"2026-08-31T08:58:59","date_gmt":"2026-08-31T11:58:59","guid":{"rendered":"https:\/\/revistabife.com\/?p=40964"},"modified":"2026-08-31T08:59:01","modified_gmt":"2026-08-31T11:59:01","slug":"la-pampa-y-buenos-aires-coordinan-acciones-ante-posibles-efectos-de-el-nino","status":"publish","type":"post","link":"https:\/\/revistabife.com\/index.php\/2026\/08\/31\/la-pampa-y-buenos-aires-coordinan-acciones-ante-posibles-efectos-de-el-nino\/","title":{"rendered":"La Pampa y Buenos Aires coordinan acciones ante posibles efectos de El Ni\u00f1o"},"content":{"rendered":"\n<p class=\"has-medium-font-size\">Sergio Ziliotto y Axel Kicillof firmar\u00e1n este lunes un convenio para coordinar la prevenci\u00f3n y respuesta ante eventuales contingencias clim\u00e1ticas vinculadas al fen\u00f3meno El Ni\u00f1o.<\/p>\n\n\n\n<p class=\"has-medium-font-size\">El gobernador de La Pampa, Sergio Ziliotto, y su par bonaerense, Axel Kicillof, firmar\u00e1n este lunes <strong>convenios de cooperaci\u00f3n entre ambas provincias<\/strong>, en un encuentro previsto para las 12 en el Sal\u00f3n de Acuerdos de Casa de Gobierno.<\/p>\n\n\n\n<p class=\"has-medium-font-size\">Uno de los acuerdos estar\u00e1 centrado en <strong>coordinar acciones de prevenci\u00f3n y respuesta ante los posibles efectos del fen\u00f3meno El Ni\u00f1o<\/strong>, con el objetivo de mejorar la planificaci\u00f3n conjunta frente a eventuales contingencias clim\u00e1ticas.<\/p>\n\n\n\n<p class=\"has-medium-font-size\">La agenda tambi\u00e9n contempla otros acuerdos de cooperaci\u00f3n en \u00e1reas de inter\u00e9s com\u00fan y busca profundizar la coordinaci\u00f3n entre ambas jurisdicciones.<\/p>\n\n\n\n<p class=\"has-medium-font-size\">El convenio sobre El Ni\u00f1o cobra especial relevancia para dos provincias con amplias zonas rurales y productivas, donde los eventos clim\u00e1ticos pueden afectar caminos, producci\u00f3n, infraestructura y poblaciones. La intenci\u00f3n es establecer mecanismos de articulaci\u00f3n que permitan anticipar escenarios de riesgo y mejorar la respuesta ante una eventual emergencia.<\/p>\n","protected":false},"excerpt":{"rendered":"<p>Sergio Ziliotto y Axel Kicillof firmar\u00e1n este lunes un convenio para coordinar la prevenci\u00f3n y<\/p>\n","protected":false},"author":1,"featured_media":40965,"comment_status":"closed","ping_status":"open","sticky":false,"template":"","format":"standard","meta":{"om_disable_all_campaigns":false,"_exactmetrics_skip_tracking":false,"_monsterinsights_skip_tracking":false,"_uf_show_specific_survey":0,"_uf_disable_surveys":false,"footnotes":""},"categories":[32,1913],"tags":[],"class_list":["post-40964","post","type-post","status-publish","format-standard","has-post-thumbnail","hentry","category-actualidad","category-porvinciales"],"aioseo_notices":[],"_links":{"self":[{"href":"https:\/\/revistabife.com\/index.php\/wp-json\/wp\/v2\/posts\/40964"}],"collection":[{"href":"https:\/\/revistabife.com\/index.php\/wp-json\/wp\/v2\/posts"}],"about":[{"href":"https:\/\/revistabife.com\/index.php\/wp-json\/wp\/v2\/types\/post"}],"author":[{"embeddable":true,"href":"https:\/\/revistabife.com\/index.php\/wp-json\/wp\/v2\/users\/1"}],"replies":[{"embeddable":true,"href":"https:\/\/revistabife.com\/index.php\/wp-json\/wp\/v2\/comments?post=40964"}],"version-history":[{"count":1,"href":"https:\/\/revistabife.com\/index.php\/wp-json\/wp\/v2\/posts\/40964\/revisions"}],"predecessor-version":[{"id":40966,"href":"https:\/\/revistabife.com\/index.php\/wp-json\/wp\/v2\/posts\/40964\/revisions\/40966"}],"wp:featuredmedia":[{"embeddable":true,"href":"https:\/\/revistabife.com\/index.php\/wp-json\/wp\/v2\/media\/40965"}],"wp:attachment":[{"href":"https:\/\/revistabife.com\/index.php\/wp-json\/wp\/v2\/media?parent=40964"}],"wp:term":[{"taxonomy":"category","embeddable":true,"href":"https:\/\/revistabife.com\/index.php\/wp-json\/wp\/v2\/categories?post=40964"},{"taxonomy":"post_tag","embeddable":true,"href":"https:\/\/revistabife.com\/index.php\/wp-json\/wp\/v2\/tags?post=40964"}],"curies":[{"name":"wp","href":"https:\/\/api.w.org\/{rel}","templated":true}]}}