{"id":40960,"date":"2026-08-31T08:56:46","date_gmt":"2026-08-31T11:56:46","guid":{"rendered":"https:\/\/revistabife.com\/?p=40960"},"modified":"2026-08-31T08:57:36","modified_gmt":"2026-08-31T11:57:36","slug":"la-pampa-destina-casi-800-millones-a-mantener-picadas-contra-el-fuego","status":"publish","type":"post","link":"https:\/\/revistabife.com\/index.php\/2026\/08\/31\/la-pampa-destina-casi-800-millones-a-mantener-picadas-contra-el-fuego\/","title":{"rendered":"La Pampa destina casi $800 millones a mantener picadas contra el fuego"},"content":{"rendered":"\n<p class=\"has-medium-font-size\">El Gobierno provincial licit\u00f3 trabajos para intervenir 3.274 hect\u00e1reas durante 2026. Las tareas buscan frenar la propagaci\u00f3n de incendios rurales, facilitar el trabajo de los brigadistas y proteger campos, infraestructura y \u00e1reas naturales.<\/p>\n\n\n\n<p class=\"has-medium-font-size\">El Gobierno de La Pampa destinar\u00e1 <strong>$799,3 millones<\/strong> al rastreo y mantenimiento de picadas contrafuego en distintos puntos de la provincia. Los trabajos abarcar\u00e1n <strong>3.274 hect\u00e1reas<\/strong> durante 2026 y forman parte de la preparaci\u00f3n para la temporada de incendios rurales.<\/p>\n\n\n\n<p class=\"has-medium-font-size\">Las obras fueron licitadas por la Direcci\u00f3n Provincial de Vialidad (DPV), en coordinaci\u00f3n con Defensa Civil y las \u00e1reas de Ambiente. Del total previsto, <strong>2.846 hect\u00e1reas corresponden a la red de picadas de Defensa Civil<\/strong> y otras <strong>428 hect\u00e1reas est\u00e1n dentro de \u00e1reas protegidas provinciales<\/strong>.<\/p>\n\n\n\n<p class=\"has-medium-font-size\">Las picadas funcionan como franjas de seguridad que dificultan el avance de las llamas y, al mismo tiempo, permiten que brigadistas y veh\u00edculos puedan acceder con mayor facilidad a las zonas afectadas. El objetivo es reducir el riesgo sobre establecimientos rurales, animales, infraestructura y ambientes naturales.<\/p>\n\n\n\n<p class=\"has-medium-font-size\">En las \u00e1reas protegidas, los trabajos alcanzar\u00e1n las reservas <strong>Parque Luro, Pichi Mahuida, Limay Mahuida, La Reforma y La Humada<\/strong>.<\/p>\n\n\n\n<p class=\"has-medium-font-size\">La dimensi\u00f3n de las tareas tambi\u00e9n muestra c\u00f3mo vari\u00f3 el nivel de intervenci\u00f3n en los \u00faltimos a\u00f1os. En 2023 se trabaj\u00f3 sobre 5.428 hect\u00e1reas; en 2024, sobre 2.463; y en 2025, sobre otras 2.936.<\/p>\n\n\n\n<p class=\"has-medium-font-size\">\u201cCuando hablamos de estas obras hablamos de prevenci\u00f3n, pero tambi\u00e9n de cuidar el trabajo y el patrimonio de quienes producen, de proteger infraestructura y recursos naturales\u201d, se\u00f1al\u00f3 Rodrigo Cadenas, presidente de Vialidad Provincial.<\/p>\n\n\n\n<p class=\"has-medium-font-size\">Desde Defensa Civil remarcaron que una picada en buenas condiciones puede resultar decisiva durante un incendio porque ayuda a contener el avance del fuego y mejora las condiciones de seguridad de quienes intervienen en la emergencia.<\/p>\n\n\n\n<p class=\"has-medium-font-size\">Las dos licitaciones tuvieron su apertura de ofertas y ahora deber\u00e1n atravesar el an\u00e1lisis administrativo y t\u00e9cnico antes de la adjudicaci\u00f3n. La planificaci\u00f3n busca que las tareas se realicen antes del per\u00edodo de mayor riesgo y contar as\u00ed con las picadas en condiciones cuando comiencen las emergencias.<\/p>\n","protected":false},"excerpt":{"rendered":"<p>El Gobierno provincial licit\u00f3 trabajos para intervenir 3.274 hect\u00e1reas durante 2026. Las tareas buscan frenar<\/p>\n","protected":false},"author":1,"featured_media":40963,"comment_status":"closed","ping_status":"open","sticky":false,"template":"","format":"standard","meta":{"om_disable_all_campaigns":false,"_exactmetrics_skip_tracking":false,"_monsterinsights_skip_tracking":false,"_uf_show_specific_survey":0,"_uf_disable_surveys":false,"footnotes":""},"categories":[32,1913],"tags":[],"class_list":["post-40960","post","type-post","status-publish","format-standard","has-post-thumbnail","hentry","category-actualidad","category-porvinciales"],"aioseo_notices":[],"_links":{"self":[{"href":"https:\/\/revistabife.com\/index.php\/wp-json\/wp\/v2\/posts\/40960"}],"collection":[{"href":"https:\/\/revistabife.com\/index.php\/wp-json\/wp\/v2\/posts"}],"about":[{"href":"https:\/\/revistabife.com\/index.php\/wp-json\/wp\/v2\/types\/post"}],"author":[{"embeddable":true,"href":"https:\/\/revistabife.com\/index.php\/wp-json\/wp\/v2\/users\/1"}],"replies":[{"embeddable":true,"href":"https:\/\/revistabife.com\/index.php\/wp-json\/wp\/v2\/comments?post=40960"}],"version-history":[{"count":1,"href":"https:\/\/revistabife.com\/index.php\/wp-json\/wp\/v2\/posts\/40960\/revisions"}],"predecessor-version":[{"id":40962,"href":"https:\/\/revistabife.com\/index.php\/wp-json\/wp\/v2\/posts\/40960\/revisions\/40962"}],"wp:featuredmedia":[{"embeddable":true,"href":"https:\/\/revistabife.com\/index.php\/wp-json\/wp\/v2\/media\/40963"}],"wp:attachment":[{"href":"https:\/\/revistabife.com\/index.php\/wp-json\/wp\/v2\/media?parent=40960"}],"wp:term":[{"taxonomy":"category","embeddable":true,"href":"https:\/\/revistabife.com\/index.php\/wp-json\/wp\/v2\/categories?post=40960"},{"taxonomy":"post_tag","embeddable":true,"href":"https:\/\/revistabife.com\/index.php\/wp-json\/wp\/v2\/tags?post=40960"}],"curies":[{"name":"wp","href":"https:\/\/api.w.org\/{rel}","templated":true}]}}