{"id":40957,"date":"2026-08-31T08:55:45","date_gmt":"2026-08-31T11:55:45","guid":{"rendered":"https:\/\/revistabife.com\/?p=40957"},"modified":"2026-08-31T08:55:46","modified_gmt":"2026-08-31T11:55:46","slug":"casa-de-piedra-busca-vender-mas-energia-para-fortalecer-sus-recursos","status":"publish","type":"post","link":"https:\/\/revistabife.com\/index.php\/2026\/08\/31\/casa-de-piedra-busca-vender-mas-energia-para-fortalecer-sus-recursos\/","title":{"rendered":"Casa de Piedra busca vender m\u00e1s energ\u00eda para fortalecer sus recursos"},"content":{"rendered":"\n<p class=\"has-medium-font-size\">A 30 a\u00f1os de comenzar a generar electricidad, la central hidroel\u00e9ctrica avanza con un nuevo esquema para comercializar su producci\u00f3n y negocia aprovechar tambi\u00e9n la potencia disponible. El objetivo es darle mayor previsibilidad a los ingresos del Ente y sostener el mantenimiento de la presa.<\/p>\n\n\n\n<p class=\"has-medium-font-size\">La Central Hidroel\u00e9ctrica Casa de Piedra cumpli\u00f3 30 a\u00f1os de generaci\u00f3n comercial con una agenda que mira menos al aniversario que al futuro: <strong>c\u00f3mo aprovechar mejor la capacidad energ\u00e9tica de la represa y generar recursos propios para sostener su funcionamiento<\/strong>.<\/p>\n\n\n\n<p class=\"has-medium-font-size\">Durante la actual gesti\u00f3n del Ente Ejecutivo Presa de Embalse Casa de Piedra se avanz\u00f3 ante la Secretar\u00eda de Energ\u00eda de la Naci\u00f3n para modificar el esquema de comercializaci\u00f3n de la energ\u00eda producida por la central. Sobre esa base, ahora se busca dar un paso m\u00e1s: <strong>comercializar la potencia disponible<\/strong>, es decir, la capacidad de generaci\u00f3n que la central tiene disponible adem\u00e1s de la energ\u00eda que efectivamente vende.<\/p>\n\n\n\n<p class=\"has-medium-font-size\">La estrategia apunta a reducir la exposici\u00f3n del organismo a las variaciones del mercado el\u00e9ctrico y contar con ingresos m\u00e1s previsibles para afrontar gastos de funcionamiento, mantenimiento e inversiones.<\/p>\n\n\n\n<p class=\"has-medium-font-size\">\u201cPrimero logramos generar las condiciones para comercializar la energ\u00eda y posteriormente avanzamos sobre la potencia disponible de la Central\u201d, se\u00f1al\u00f3 Alfredo Intronati, ministro de Obras y Servicios P\u00fablicos y presidente del Directorio del Ente. La Administraci\u00f3n Provincial de Energ\u00eda (APE) tambi\u00e9n intervino en la propuesta para avanzar hacia ese esquema.<\/p>\n\n\n\n<p class=\"has-medium-font-size\">El planteo adquiere relevancia porque Casa de Piedra no es solamente una fuente de generaci\u00f3n el\u00e9ctrica. La presa forma parte de la administraci\u00f3n del r\u00edo Colorado y tiene impacto sobre el abastecimiento de agua, la producci\u00f3n y las condiciones ambientales de una regi\u00f3n que involucra a varias provincias.<\/p>\n\n\n\n<p class=\"has-medium-font-size\">Por eso, la operaci\u00f3n del embalse requiere coordinaci\u00f3n permanente con el Comit\u00e9 Interjurisdiccional del R\u00edo Colorado (COIRCO), especialmente en per\u00edodos de restricciones h\u00eddricas. La evoluci\u00f3n de la cota, las erogaciones y las necesidades aguas abajo deben compatibilizarse con la generaci\u00f3n el\u00e9ctrica y la seguridad de la presa.<\/p>\n\n\n\n<p class=\"has-medium-font-size\">La central comenz\u00f3 su generaci\u00f3n comercial hace tres d\u00e9cadas y atraves\u00f3 desde entonces per\u00edodos de abundancia y escasez de agua, cambios tecnol\u00f3gicos y transformaciones del sistema energ\u00e9tico. Hoy cuenta con una infraestructura que exige mantenimiento y monitoreo permanente.<\/p>\n\n\n\n<p class=\"has-medium-font-size\">En paralelo, el Ente busc\u00f3 sostener las condiciones salariales de sus trabajadores y, seg\u00fan inform\u00f3 el Gobierno provincial, las actualizaciones otorgadas durante la actual gesti\u00f3n se ubicaron por encima de la inflaci\u00f3n.<\/p>\n\n\n\n<p class=\"has-medium-font-size\">Durante el acto por los 30 a\u00f1os fueron reconocidos adem\u00e1s trabajadores que completaron su trayectoria en el organismo: Ana Mar\u00eda Figueroa, por 21 a\u00f1os de servicio; Isaac Ortiz, por 32 a\u00f1os; y Alejandro Zambroni, por 30 a\u00f1os.<\/p>\n\n\n\n<p class=\"has-medium-font-size\">El aniversario encuentra as\u00ed a Casa de Piedra frente a una discusi\u00f3n menos simb\u00f3lica y m\u00e1s concreta: <strong>c\u00f3mo convertir su capacidad instalada en mayores recursos para el organismo y, al mismo tiempo, preservar una infraestructura clave para la energ\u00eda y el manejo del agua<\/strong>.<\/p>\n","protected":false},"excerpt":{"rendered":"<p>A 30 a\u00f1os de comenzar a generar electricidad, la central hidroel\u00e9ctrica avanza con un nuevo<\/p>\n","protected":false},"author":1,"featured_media":40958,"comment_status":"closed","ping_status":"open","sticky":false,"template":"","format":"standard","meta":{"om_disable_all_campaigns":false,"_exactmetrics_skip_tracking":false,"_monsterinsights_skip_tracking":false,"_uf_show_specific_survey":0,"_uf_disable_surveys":false,"footnotes":""},"categories":[32,1913],"tags":[],"class_list":["post-40957","post","type-post","status-publish","format-standard","has-post-thumbnail","hentry","category-actualidad","category-porvinciales"],"aioseo_notices":[],"_links":{"self":[{"href":"https:\/\/revistabife.com\/index.php\/wp-json\/wp\/v2\/posts\/40957"}],"collection":[{"href":"https:\/\/revistabife.com\/index.php\/wp-json\/wp\/v2\/posts"}],"about":[{"href":"https:\/\/revistabife.com\/index.php\/wp-json\/wp\/v2\/types\/post"}],"author":[{"embeddable":true,"href":"https:\/\/revistabife.com\/index.php\/wp-json\/wp\/v2\/users\/1"}],"replies":[{"embeddable":true,"href":"https:\/\/revistabife.com\/index.php\/wp-json\/wp\/v2\/comments?post=40957"}],"version-history":[{"count":1,"href":"https:\/\/revistabife.com\/index.php\/wp-json\/wp\/v2\/posts\/40957\/revisions"}],"predecessor-version":[{"id":40959,"href":"https:\/\/revistabife.com\/index.php\/wp-json\/wp\/v2\/posts\/40957\/revisions\/40959"}],"wp:featuredmedia":[{"embeddable":true,"href":"https:\/\/revistabife.com\/index.php\/wp-json\/wp\/v2\/media\/40958"}],"wp:attachment":[{"href":"https:\/\/revistabife.com\/index.php\/wp-json\/wp\/v2\/media?parent=40957"}],"wp:term":[{"taxonomy":"category","embeddable":true,"href":"https:\/\/revistabife.com\/index.php\/wp-json\/wp\/v2\/categories?post=40957"},{"taxonomy":"post_tag","embeddable":true,"href":"https:\/\/revistabife.com\/index.php\/wp-json\/wp\/v2\/tags?post=40957"}],"curies":[{"name":"wp","href":"https:\/\/api.w.org\/{rel}","templated":true}]}}