{"id":40281,"date":"2026-04-27T15:34:22","date_gmt":"2026-04-27T18:34:22","guid":{"rendered":"https:\/\/revistabife.com\/?p=40281"},"modified":"2026-04-27T15:34:23","modified_gmt":"2026-04-27T18:34:23","slug":"la-cpe-participo-en-la-expo-dinamica-2026-con-equipos-charlas-y-servicios","status":"publish","type":"post","link":"https:\/\/revistabife.com\/index.php\/2026\/04\/27\/la-cpe-participo-en-la-expo-dinamica-2026-con-equipos-charlas-y-servicios\/","title":{"rendered":"LA CPE PARTICIP\u00d3 EN LA EXPO DIN\u00c1MICA 2026 CON EQUIPOS, CHARLAS Y SERVICIOS"},"content":{"rendered":"\n<p class=\"has-medium-font-size\">Tras la suspensi\u00f3n inicial por cuestiones clim\u00e1ticas, la Expo Din\u00e1mica se realiz\u00f3 finalmente el fin de semana pasado en el predio de la Facultad de Agronom\u00eda de la UNLPam, donde tuvo lugar su tercera edici\u00f3n con eje en la producci\u00f3n agropecuaria, la industria y la tecnolog\u00eda.<\/p>\n\n\n\n<p class=\"has-medium-font-size\">En ese contexto, la <strong>Cooperativa Popular de Electricidad (CPE)<\/strong>&nbsp;despleg\u00f3 una amplia propuesta con presencia de distintas \u00e1reas operativas. El servicio de Energ\u00eda exhibi\u00f3 un hidroelevador y mont\u00f3 una red de media tensi\u00f3n simulada para mostrar tareas en condiciones reales y las medidas de seguridad que requieren. A su vez, Planta de Gas present\u00f3 el cami\u00f3n gr\u00faa utilizado para la distribuci\u00f3n de garrafas, garrafones y zepelines en la provincia.<\/p>\n\n\n\n<p class=\"has-medium-font-size\">La cooperativa tambi\u00e9n instal\u00f3 una carpa institucional con stands de Enfermer\u00eda, Biblioteca, Telecomunicaciones, Seguros, Editorial Voces y el \u00e1rea de Seguridad e Higiene, donde se expusieron elementos de protecci\u00f3n y trabajo.<\/p>\n\n\n\n<p class=\"has-medium-font-size\">Adem\u00e1s, organiz\u00f3 charlas abiertas a escuelas y al p\u00fablico general sobre inserci\u00f3n laboral, seguridad inform\u00e1tica, energ\u00eda domiciliaria y conectividad, entre otros temas.<\/p>\n\n\n\n<p class=\"has-medium-font-size\">La reprogramaci\u00f3n permiti\u00f3 concretar una nueva edici\u00f3n de la feria, que volvi\u00f3 a reunir a actores del \u00e1mbito productivo y a instituciones de la provincia.<\/p>\n","protected":false},"excerpt":{"rendered":"<p>Tras la suspensi\u00f3n inicial por cuestiones clim\u00e1ticas, la Expo Din\u00e1mica se realiz\u00f3 finalmente el fin<\/p>\n","protected":false},"author":1,"featured_media":40282,"comment_status":"closed","ping_status":"open","sticky":false,"template":"","format":"standard","meta":{"om_disable_all_campaigns":false,"_monsterinsights_skip_tracking":false,"_monsterinsights_sitenote_active":false,"_monsterinsights_sitenote_note":"","_monsterinsights_sitenote_category":0,"_uf_show_specific_survey":0,"_uf_disable_surveys":false,"footnotes":""},"categories":[32,1913],"tags":[],"class_list":["post-40281","post","type-post","status-publish","format-standard","has-post-thumbnail","hentry","category-actualidad","category-porvinciales"],"aioseo_notices":[],"_links":{"self":[{"href":"https:\/\/revistabife.com\/index.php\/wp-json\/wp\/v2\/posts\/40281"}],"collection":[{"href":"https:\/\/revistabife.com\/index.php\/wp-json\/wp\/v2\/posts"}],"about":[{"href":"https:\/\/revistabife.com\/index.php\/wp-json\/wp\/v2\/types\/post"}],"author":[{"embeddable":true,"href":"https:\/\/revistabife.com\/index.php\/wp-json\/wp\/v2\/users\/1"}],"replies":[{"embeddable":true,"href":"https:\/\/revistabife.com\/index.php\/wp-json\/wp\/v2\/comments?post=40281"}],"version-history":[{"count":1,"href":"https:\/\/revistabife.com\/index.php\/wp-json\/wp\/v2\/posts\/40281\/revisions"}],"predecessor-version":[{"id":40283,"href":"https:\/\/revistabife.com\/index.php\/wp-json\/wp\/v2\/posts\/40281\/revisions\/40283"}],"wp:featuredmedia":[{"embeddable":true,"href":"https:\/\/revistabife.com\/index.php\/wp-json\/wp\/v2\/media\/40282"}],"wp:attachment":[{"href":"https:\/\/revistabife.com\/index.php\/wp-json\/wp\/v2\/media?parent=40281"}],"wp:term":[{"taxonomy":"category","embeddable":true,"href":"https:\/\/revistabife.com\/index.php\/wp-json\/wp\/v2\/categories?post=40281"},{"taxonomy":"post_tag","embeddable":true,"href":"https:\/\/revistabife.com\/index.php\/wp-json\/wp\/v2\/tags?post=40281"}],"curies":[{"name":"wp","href":"https:\/\/api.w.org\/{rel}","templated":true}]}}