{"id":40278,"date":"2026-04-27T15:32:31","date_gmt":"2026-04-27T18:32:31","guid":{"rendered":"https:\/\/revistabife.com\/?p=40278"},"modified":"2026-04-27T15:32:32","modified_gmt":"2026-04-27T18:32:32","slug":"la-pampa-ingreso-a-la-red-nacional-de-cardiopatias-congenitas-y-posiciona-al-hospital-favaloro-como-referente","status":"publish","type":"post","link":"https:\/\/revistabife.com\/index.php\/2026\/04\/27\/la-pampa-ingreso-a-la-red-nacional-de-cardiopatias-congenitas-y-posiciona-al-hospital-favaloro-como-referente\/","title":{"rendered":"LA PAMPA INGRES\u00d3 A LA RED NACIONAL DE CARDIOPAT\u00cdAS CONG\u00c9NITAS Y POSICIONA AL HOSPITAL FAVALORO COMO REFERENTE"},"content":{"rendered":"\n<p class=\"has-medium-font-size\">La Pampa fue incorporada formalmente al Programa Nacional de Cardiopat\u00edas Cong\u00e9nitas (PNCC), una decisi\u00f3n oficializada en el \u00faltimo Consejo Federal de Salud (COFESA) que reconoce la trayectoria y el nivel de los equipos del Hospital de Complejidad Creciente \u201cRen\u00e9 Favaloro\u201d.<\/p>\n\n\n\n<p class=\"has-medium-font-size\">El ingreso ubica al centro de salud como referente regional para la atenci\u00f3n de patolog\u00edas cardiovasculares de mediana y alta complejidad, y habilita financiamiento nacional para cirug\u00edas, adem\u00e1s de eliminar trabas administrativas en la cobertura de pacientes.<\/p>\n\n\n\n<p class=\"has-medium-font-size\">La provincia sostiene desde hace a\u00f1os una pol\u00edtica de atenci\u00f3n en cardiopat\u00edas cong\u00e9nitas que comenz\u00f3 en el Hospital Lucio Molas y se consolid\u00f3 en el Favaloro. El modelo se apoya en equipos mixtos integrados por profesionales locales y especialistas del Hospital Garrahan, entre ellos el cirujano Javier Cornelis.<\/p>\n\n\n\n<p class=\"has-medium-font-size\">Ese esquema permiti\u00f3 alcanzar est\u00e1ndares que ahora habilitan la incorporaci\u00f3n a la red federal, con la posibilidad de recuperar costos a trav\u00e9s de Naci\u00f3n en casos sin cobertura.<\/p>\n\n\n\n<p class=\"has-medium-font-size\">El ministro de Salud, Mario Kohan, destac\u00f3 que la inclusi\u00f3n \u201cvalida la eficiencia de los equipos\u201d y la vincul\u00f3 con una decisi\u00f3n pol\u00edtica sostenida del Gobierno provincial.<\/p>\n\n\n\n<p class=\"has-medium-font-size\">Uno de los obst\u00e1culos hist\u00f3ricos para el ingreso al programa era la baja densidad poblacional de La Pampa. Seg\u00fan explicaron los especialistas, ese l\u00edmite se compens\u00f3 con un alto nivel de formaci\u00f3n y experiencia cl\u00ednica.<\/p>\n\n\n\n<p class=\"has-medium-font-size\">Desde 2006, el equipo realiz\u00f3 m\u00e1s de 330 cirug\u00edas de alta complejidad con resultados sostenidos, lo que permiti\u00f3 avanzar hacia la resoluci\u00f3n local de la mayor\u00eda de las patolog\u00edas.<\/p>\n\n\n\n<p class=\"has-medium-font-size\">\u201cEl entrenamiento del equipo supera los est\u00e1ndares esperados y se combina con un grupo local altamente calificado\u201d, explic\u00f3 Cornelis.<\/p>\n\n\n\n<p class=\"has-medium-font-size\">El desarrollo del servicio se apoy\u00f3 en la formaci\u00f3n profesional como eje. \u201cLa tecnolog\u00eda solo funciona si est\u00e1 rodeada de equipos capacitados\u201d, se\u00f1alaron desde el \u00e1rea, en referencia a la infraestructura del hospital.<\/p>\n\n\n\n<p class=\"has-medium-font-size\">Actualmente, el Favaloro cuenta con capacidad para atender pacientes desde reci\u00e9n nacidos hasta adultos con cardiopat\u00edas cong\u00e9nitas, evitando derivaciones a otros centros y reduciendo el desarraigo de las familias.<\/p>\n\n\n\n<p class=\"has-medium-font-size\">La incorporaci\u00f3n al PNCC permitir\u00e1 mejorar el financiamiento de las prestaciones y fortalecer el rol de La Pampa dentro de la red federal. Adem\u00e1s, abre la posibilidad de recibir pacientes de otras provincias.<\/p>\n\n\n\n<p class=\"has-medium-font-size\">Especialistas destacaron que el reconocimiento tambi\u00e9n implica un cambio de criterio a nivel nacional, al priorizar la experiencia de los equipos por sobre la cantidad de casos.<\/p>\n\n\n\n<p class=\"has-medium-font-size\">Con esta integraci\u00f3n, la provincia consolida un modelo sanitario que combina formaci\u00f3n, articulaci\u00f3n institucional y resoluci\u00f3n local de patolog\u00edas complejas<\/p>\n","protected":false},"excerpt":{"rendered":"<p>La Pampa fue incorporada formalmente al Programa Nacional de Cardiopat\u00edas Cong\u00e9nitas (PNCC), una decisi\u00f3n oficializada<\/p>\n","protected":false},"author":1,"featured_media":40279,"comment_status":"closed","ping_status":"open","sticky":false,"template":"","format":"standard","meta":{"om_disable_all_campaigns":false,"_monsterinsights_skip_tracking":false,"_monsterinsights_sitenote_active":false,"_monsterinsights_sitenote_note":"","_monsterinsights_sitenote_category":0,"_uf_show_specific_survey":0,"_uf_disable_surveys":false,"footnotes":""},"categories":[32,1913],"tags":[],"class_list":["post-40278","post","type-post","status-publish","format-standard","has-post-thumbnail","hentry","category-actualidad","category-porvinciales"],"aioseo_notices":[],"_links":{"self":[{"href":"https:\/\/revistabife.com\/index.php\/wp-json\/wp\/v2\/posts\/40278"}],"collection":[{"href":"https:\/\/revistabife.com\/index.php\/wp-json\/wp\/v2\/posts"}],"about":[{"href":"https:\/\/revistabife.com\/index.php\/wp-json\/wp\/v2\/types\/post"}],"author":[{"embeddable":true,"href":"https:\/\/revistabife.com\/index.php\/wp-json\/wp\/v2\/users\/1"}],"replies":[{"embeddable":true,"href":"https:\/\/revistabife.com\/index.php\/wp-json\/wp\/v2\/comments?post=40278"}],"version-history":[{"count":1,"href":"https:\/\/revistabife.com\/index.php\/wp-json\/wp\/v2\/posts\/40278\/revisions"}],"predecessor-version":[{"id":40280,"href":"https:\/\/revistabife.com\/index.php\/wp-json\/wp\/v2\/posts\/40278\/revisions\/40280"}],"wp:featuredmedia":[{"embeddable":true,"href":"https:\/\/revistabife.com\/index.php\/wp-json\/wp\/v2\/media\/40279"}],"wp:attachment":[{"href":"https:\/\/revistabife.com\/index.php\/wp-json\/wp\/v2\/media?parent=40278"}],"wp:term":[{"taxonomy":"category","embeddable":true,"href":"https:\/\/revistabife.com\/index.php\/wp-json\/wp\/v2\/categories?post=40278"},{"taxonomy":"post_tag","embeddable":true,"href":"https:\/\/revistabife.com\/index.php\/wp-json\/wp\/v2\/tags?post=40278"}],"curies":[{"name":"wp","href":"https:\/\/api.w.org\/{rel}","templated":true}]}}