{"id":40137,"date":"2026-04-04T14:01:18","date_gmt":"2026-04-04T17:01:18","guid":{"rendered":"https:\/\/revistabife.com\/?p=40137"},"modified":"2026-04-04T14:01:19","modified_gmt":"2026-04-04T17:01:19","slug":"santa-rosa-se-llevo-un-paquete-de-salchicas-leche-y-unas-galletitas-para-zafar-la-noche-pero-lo-atraparon","status":"publish","type":"post","link":"https:\/\/revistabife.com\/index.php\/2026\/04\/04\/santa-rosa-se-llevo-un-paquete-de-salchicas-leche-y-unas-galletitas-para-zafar-la-noche-pero-lo-atraparon\/","title":{"rendered":"SANTA ROSA: SE LLEV\u00d3 UN PAQUETE DE SALCHICAS, LECHE Y UNAS GALLETITAS PARA ZAFAR LA NOCHE, \u00a0PERO LO ATRAPARON"},"content":{"rendered":"\n<p class=\"has-medium-font-size\">No fue un golpe comando ni un asalto violento. Fue, m\u00e1s bien, un manotazo corto, de esos que dicen m\u00e1s de la urgencia que de la intenci\u00f3n. Un hombre de 37 a\u00f1os termin\u00f3 demorado en Santa Rosa tras llevarse de una despensa un paquete de salchichas, galletitas, leche y algunos cigarrillos usando un comprobante de transferencia falso.<\/p>\n\n\n\n<p class=\"has-medium-font-size\">El episodio ocurri\u00f3 el viernes cerca de la medianoche, en un local de la calle Maestros Puntanos al 1000. Entr\u00f3, eligi\u00f3 lo justo: comida r\u00e1pida, algo para pasar el momento. Nada de grandes valores, nada que haga pensar en reventa o planificaci\u00f3n. Apenas productos b\u00e1sicos, de los que se consumen en el d\u00eda.<\/p>\n\n\n\n<p class=\"has-medium-font-size\">Cuando lleg\u00f3 a la caja, dijo que pagaba por transferencia. Mostr\u00f3 una captura de pantalla y se fue con la mercader\u00eda. Minutos despu\u00e9s, la due\u00f1a confirm\u00f3 lo obvio: la plata nunca lleg\u00f3.<\/p>\n\n\n\n<p class=\"has-medium-font-size\">La polic\u00eda lo encontr\u00f3 unas veinte cuadras m\u00e1s adelante. No llevaba bolsos llenos ni bot\u00edn: apenas lo que hab\u00eda sacado del comercio. Fue trasladado a la comisar\u00eda y qued\u00f3 imputado por \u201churto en grado de tentativa\u201d. Horas despu\u00e9s, recuper\u00f3 la libertad.<\/p>\n","protected":false},"excerpt":{"rendered":"<p>No fue un golpe comando ni un asalto violento. Fue, m\u00e1s bien, un manotazo corto,<\/p>\n","protected":false},"author":1,"featured_media":40138,"comment_status":"closed","ping_status":"open","sticky":false,"template":"","format":"standard","meta":{"om_disable_all_campaigns":false,"_monsterinsights_skip_tracking":false,"_monsterinsights_sitenote_active":false,"_monsterinsights_sitenote_note":"","_monsterinsights_sitenote_category":0,"_uf_show_specific_survey":0,"_uf_disable_surveys":false,"footnotes":""},"categories":[32,1913],"tags":[],"class_list":["post-40137","post","type-post","status-publish","format-standard","has-post-thumbnail","hentry","category-actualidad","category-porvinciales"],"aioseo_notices":[],"_links":{"self":[{"href":"https:\/\/revistabife.com\/index.php\/wp-json\/wp\/v2\/posts\/40137"}],"collection":[{"href":"https:\/\/revistabife.com\/index.php\/wp-json\/wp\/v2\/posts"}],"about":[{"href":"https:\/\/revistabife.com\/index.php\/wp-json\/wp\/v2\/types\/post"}],"author":[{"embeddable":true,"href":"https:\/\/revistabife.com\/index.php\/wp-json\/wp\/v2\/users\/1"}],"replies":[{"embeddable":true,"href":"https:\/\/revistabife.com\/index.php\/wp-json\/wp\/v2\/comments?post=40137"}],"version-history":[{"count":1,"href":"https:\/\/revistabife.com\/index.php\/wp-json\/wp\/v2\/posts\/40137\/revisions"}],"predecessor-version":[{"id":40139,"href":"https:\/\/revistabife.com\/index.php\/wp-json\/wp\/v2\/posts\/40137\/revisions\/40139"}],"wp:featuredmedia":[{"embeddable":true,"href":"https:\/\/revistabife.com\/index.php\/wp-json\/wp\/v2\/media\/40138"}],"wp:attachment":[{"href":"https:\/\/revistabife.com\/index.php\/wp-json\/wp\/v2\/media?parent=40137"}],"wp:term":[{"taxonomy":"category","embeddable":true,"href":"https:\/\/revistabife.com\/index.php\/wp-json\/wp\/v2\/categories?post=40137"},{"taxonomy":"post_tag","embeddable":true,"href":"https:\/\/revistabife.com\/index.php\/wp-json\/wp\/v2\/tags?post=40137"}],"curies":[{"name":"wp","href":"https:\/\/api.w.org\/{rel}","templated":true}]}}