{"id":39028,"date":"2025-10-13T20:40:01","date_gmt":"2025-10-13T23:40:01","guid":{"rendered":"https:\/\/revistabife.com\/?p=39028"},"modified":"2025-10-13T20:40:02","modified_gmt":"2025-10-13T23:40:02","slug":"santa-rosa-dos-amigos-discutieron-y-uno-termino-con-tres-punaladas-una-en-el-brazo-otra-en-el-abdomen-y-la-tercera-en-el-pecho","status":"publish","type":"post","link":"https:\/\/revistabife.com\/index.php\/2025\/10\/13\/santa-rosa-dos-amigos-discutieron-y-uno-termino-con-tres-punaladas-una-en-el-brazo-otra-en-el-abdomen-y-la-tercera-en-el-pecho\/","title":{"rendered":"SANTA ROSA: DOS AMIGOS DISCUTIERON Y UNO TERMIN\u00d3 CON TRES PU\u00d1ALADAS; UNA EN EL BRAZO, OTRA EN EL ABDOMEN Y LA TERCERA EN EL PECHO"},"content":{"rendered":"\n<p>Un violento episodio se registr\u00f3 en el mediod\u00eda de este martes en la calle R\u00edo Negro al 600, donde un hombre de 31 a\u00f1os result\u00f3 herido con un arma blanca tras una discusi\u00f3n con un amigo.<\/p>\n\n\n\n<p>BIFE pudo saber a trav\u00e9s de fuentes policiales que el hecho ocurri\u00f3 cerca de las 12 del mediod\u00eda y fue intervenido por personal de la Seccional Segunda.<\/p>\n\n\n\n<p>&#8220;Al llegar al lugar, los agentes encontraron a la v\u00edctima con tres heridas cortopunzantes: una en el abdomen, otra en el brazo y una tercera en el pecho, del lado izquierdo&#8221;, confirm\u00f3 a BIFE una de las fuentes consultadas.<\/p>\n\n\n\n<p>El herido relat\u00f3 que momentos antes hab\u00eda mantenido una discusi\u00f3n con un amigo, quien, en medio del altercado, extrajo un cuchillo tipo carnicero y lo atac\u00f3, para luego darse a la fuga en un veh\u00edculo.<\/p>\n\n\n\n<p>La v\u00edctima fue asistida por personal del SEM y trasladada de urgencia al Hospital Favaloro, donde qued\u00f3 internada.<\/p>\n\n\n\n<p>Durante la tarde, y tras las tareas investigativas, se logr\u00f3 identificar al agresor. La Polic\u00eda solicit\u00f3 y concret\u00f3 un allanamiento en una vivienda ubicada en la calle Santiago del Estero al 1400, donde se secuestraron elementos de inter\u00e9s para la causa, entre ellos un veh\u00edculo Toyota Etios.<\/p>\n\n\n\n<p>En el procedimiento intervino la Agencia de Investigaci\u00f3n Cient\u00edfica.<\/p>\n\n\n\n<p>BIFE supo que horas m\u00e1s tarde, alrededor de las 15, el acusado -un hombre de 29 a\u00f1os- se present\u00f3 de manera voluntaria ante las autoridades, quedando detenido.<\/p>\n\n\n\n<p>Este martes ser\u00e1 formalizado por el delito de lesiones graves.<\/p>\n","protected":false},"excerpt":{"rendered":"<p>Un violento episodio se registr\u00f3 en el mediod\u00eda de este martes en la calle R\u00edo<\/p>\n","protected":false},"author":1,"featured_media":39029,"comment_status":"closed","ping_status":"open","sticky":false,"template":"","format":"standard","meta":{"om_disable_all_campaigns":false,"_monsterinsights_skip_tracking":false,"_monsterinsights_sitenote_active":false,"_monsterinsights_sitenote_note":"","_monsterinsights_sitenote_category":0,"_uf_show_specific_survey":0,"_uf_disable_surveys":false,"footnotes":""},"categories":[32,1913],"tags":[],"class_list":["post-39028","post","type-post","status-publish","format-standard","has-post-thumbnail","hentry","category-actualidad","category-porvinciales"],"aioseo_notices":[],"_links":{"self":[{"href":"https:\/\/revistabife.com\/index.php\/wp-json\/wp\/v2\/posts\/39028"}],"collection":[{"href":"https:\/\/revistabife.com\/index.php\/wp-json\/wp\/v2\/posts"}],"about":[{"href":"https:\/\/revistabife.com\/index.php\/wp-json\/wp\/v2\/types\/post"}],"author":[{"embeddable":true,"href":"https:\/\/revistabife.com\/index.php\/wp-json\/wp\/v2\/users\/1"}],"replies":[{"embeddable":true,"href":"https:\/\/revistabife.com\/index.php\/wp-json\/wp\/v2\/comments?post=39028"}],"version-history":[{"count":1,"href":"https:\/\/revistabife.com\/index.php\/wp-json\/wp\/v2\/posts\/39028\/revisions"}],"predecessor-version":[{"id":39030,"href":"https:\/\/revistabife.com\/index.php\/wp-json\/wp\/v2\/posts\/39028\/revisions\/39030"}],"wp:featuredmedia":[{"embeddable":true,"href":"https:\/\/revistabife.com\/index.php\/wp-json\/wp\/v2\/media\/39029"}],"wp:attachment":[{"href":"https:\/\/revistabife.com\/index.php\/wp-json\/wp\/v2\/media?parent=39028"}],"wp:term":[{"taxonomy":"category","embeddable":true,"href":"https:\/\/revistabife.com\/index.php\/wp-json\/wp\/v2\/categories?post=39028"},{"taxonomy":"post_tag","embeddable":true,"href":"https:\/\/revistabife.com\/index.php\/wp-json\/wp\/v2\/tags?post=39028"}],"curies":[{"name":"wp","href":"https:\/\/api.w.org\/{rel}","templated":true}]}}