{"id":38629,"date":"2025-08-25T13:53:54","date_gmt":"2025-08-25T16:53:54","guid":{"rendered":"https:\/\/revistabife.com\/?p=38629"},"modified":"2025-08-25T13:53:55","modified_gmt":"2025-08-25T16:53:55","slug":"santa-rosa-fue-hallado-sin-vida-un-efectivo-de-la-policia-de-la-pampa","status":"publish","type":"post","link":"https:\/\/revistabife.com\/index.php\/2025\/08\/25\/santa-rosa-fue-hallado-sin-vida-un-efectivo-de-la-policia-de-la-pampa\/","title":{"rendered":"Santa Rosa: Fue hallado sin vida un efectivo de la Polic\u00eda de La Pampa"},"content":{"rendered":"\n<p>Un efectivo de la Polic\u00eda de La Pampa, de 40 a\u00f1os, fue hallado sin vida en la noche del domingo en un predio rural ubicado en las inmediaciones de la calle Ramona Pereyra, en las afueras de la capital pampeana.<\/p>\n\n\n\n<p>Desde la Fuerza comunicaron que el uniformado se hab\u00eda dirigido hasta el lugar por sus propios medios y que posteriormente fue encontrado muerto.<\/p>\n\n\n\n<p>El hallazgo gener\u00f3 la intervenci\u00f3n inmediata de distintas \u00e1reas de la fuerza y de los peritos de la Agencia de Investigaci\u00f3n Cient\u00edfica.<\/p>\n\n\n\n<p>Durante la ma\u00f1ana del lunes se realizaron las diligencias correspondientes en el campo, donde los equipos especializados trabajaron en la recolecci\u00f3n de pruebas y la toma de testimonios.<\/p>\n\n\n\n<p>\u201cPodemos confirmar que el efectivo se quit\u00f3 la vida. En estos momentos se desarrollan todas las tareas de investigaci\u00f3n pertinentes\u201d, sostuvieron de la Polic\u00eda de La Pampa.<\/p>\n\n\n\n<p>La Subsecretar\u00eda de Adicciones y Salud Mental dispone de dos l\u00edneas telef\u00f3nicas gratuitas y permanentes, pensadas para brindar escucha, acompa\u00f1amiento y orientaci\u00f3n. Se trata del 136, destinado a personas que atraviesan situaciones de crisis, y del 132, orientado a quienes enfrentan consumos problem\u00e1ticos. Ambos n\u00fameros tambi\u00e9n est\u00e1n abiertos a familiares y allegados, que pueden recibir all\u00ed pautas e informaci\u00f3n sobre c\u00f3mo actuar frente a una eventual emergencia.<\/p>\n","protected":false},"excerpt":{"rendered":"<p>Un efectivo de la Polic\u00eda de La Pampa, de 40 a\u00f1os, fue hallado sin vida<\/p>\n","protected":false},"author":1,"featured_media":38607,"comment_status":"closed","ping_status":"open","sticky":false,"template":"","format":"standard","meta":{"om_disable_all_campaigns":false,"_monsterinsights_skip_tracking":false,"_monsterinsights_sitenote_active":false,"_monsterinsights_sitenote_note":"","_monsterinsights_sitenote_category":0,"_uf_show_specific_survey":0,"_uf_disable_surveys":false,"footnotes":""},"categories":[32,1913],"tags":[],"class_list":["post-38629","post","type-post","status-publish","format-standard","has-post-thumbnail","hentry","category-actualidad","category-porvinciales"],"aioseo_notices":[],"_links":{"self":[{"href":"https:\/\/revistabife.com\/index.php\/wp-json\/wp\/v2\/posts\/38629"}],"collection":[{"href":"https:\/\/revistabife.com\/index.php\/wp-json\/wp\/v2\/posts"}],"about":[{"href":"https:\/\/revistabife.com\/index.php\/wp-json\/wp\/v2\/types\/post"}],"author":[{"embeddable":true,"href":"https:\/\/revistabife.com\/index.php\/wp-json\/wp\/v2\/users\/1"}],"replies":[{"embeddable":true,"href":"https:\/\/revistabife.com\/index.php\/wp-json\/wp\/v2\/comments?post=38629"}],"version-history":[{"count":1,"href":"https:\/\/revistabife.com\/index.php\/wp-json\/wp\/v2\/posts\/38629\/revisions"}],"predecessor-version":[{"id":38630,"href":"https:\/\/revistabife.com\/index.php\/wp-json\/wp\/v2\/posts\/38629\/revisions\/38630"}],"wp:featuredmedia":[{"embeddable":true,"href":"https:\/\/revistabife.com\/index.php\/wp-json\/wp\/v2\/media\/38607"}],"wp:attachment":[{"href":"https:\/\/revistabife.com\/index.php\/wp-json\/wp\/v2\/media?parent=38629"}],"wp:term":[{"taxonomy":"category","embeddable":true,"href":"https:\/\/revistabife.com\/index.php\/wp-json\/wp\/v2\/categories?post=38629"},{"taxonomy":"post_tag","embeddable":true,"href":"https:\/\/revistabife.com\/index.php\/wp-json\/wp\/v2\/tags?post=38629"}],"curies":[{"name":"wp","href":"https:\/\/api.w.org\/{rel}","templated":true}]}}