{"id":38206,"date":"2025-06-23T10:35:39","date_gmt":"2025-06-23T13:35:39","guid":{"rendered":"https:\/\/revistabife.com\/?p=38206"},"modified":"2025-06-23T10:35:40","modified_gmt":"2025-06-23T13:35:40","slug":"con-el-auto-lleno-de-cremas-y-ropa-atraparon-a-grupo-de-mendocinas-que-robaban-en-farmacias-de-santa-rosa","status":"publish","type":"post","link":"https:\/\/revistabife.com\/index.php\/2025\/06\/23\/con-el-auto-lleno-de-cremas-y-ropa-atraparon-a-grupo-de-mendocinas-que-robaban-en-farmacias-de-santa-rosa\/","title":{"rendered":"Con el auto lleno de cremas y ropa: atraparon a grupo de mendocinas que robaban en farmacias de Santa Rosa"},"content":{"rendered":"\n<p class=\"has-medium-font-size\">Una ma\u00f1ana que empez\u00f3 con un llamado al 101 termin\u00f3 con una banda de mecheras desbaratada, un auto repleto de mercader\u00eda robada y cinco detenidos que, seg\u00fan la Polic\u00eda, ven\u00edan operando en distintos puntos de Santa Rosa.<\/p>\n\n\n\n<p class=\"has-medium-font-size\">Todo se aceler\u00f3 este domingo alrededor de las 11:10. Desde la farmacia &#8220;AMUSIM&#8221;, en la avenida Pedro Luro al 700, el encargado alert\u00f3 que cuatro mujeres \u2014las mismas que ya hab\u00edan robado en ese mismo local el 29 de mayo\u2014 hab\u00edan vuelto a entrar con actitud sospechosa. Apenas se sintieron descubiertas, escaparon. Minutos despu\u00e9s, el personal constat\u00f3 el faltante: cuatro cremas Dermagl\u00f3s de 30 ml, de envase blanco.<\/p>\n\n\n\n<p class=\"has-medium-font-size\">El segundo llamado no tard\u00f3 en llegar. A las 12:05, desde la Farmacia Sadowski, en la esquina de Uruguay y P\u00edo XII, informaron que nuevamente cuatro mujeres hab\u00edan sustra\u00eddo elementos y escapado en un Chevrolet \u00c1gile blanco, rumbo al oeste por Avenida Uruguay.<\/p>\n\n\n\n<p class=\"has-medium-font-size\">Con esa informaci\u00f3n, los polic\u00edas Pacheco y Abrigo, a bordo de motocicletas, salieron tras el auto. Lo ubicaron en Avenida Espa\u00f1a y Coronel Gil y lo interceptaron. Adentro iban cinco personas: un hombre y cuatro mujeres, todos domiciliados en Guaymall\u00e9n, Mendoza.<\/p>\n\n\n\n<p class=\"has-medium-font-size\">Desde afuera, los uniformados ya pod\u00edan ver en el interior del veh\u00edculo una gran cantidad de productos de farmacia.<\/p>\n\n\n\n<p class=\"has-medium-font-size\">Horas despu\u00e9s, a las 18:20, la Justicia autoriz\u00f3 el allanamiento del auto (patente PEX-986). El procedimiento estuvo a cargo del Jefe de Servicio y el Oficial de Servicio de la Seccional Primera, junto a efectivos de la Brigada de Investigaciones. El resultado fue positivo: incautaron una considerable cantidad de art\u00edculos de perfumer\u00eda y cosm\u00e9tica, adem\u00e1s de ropa, zapatillas y celulares. Muchas prendas a\u00fan ten\u00edan las etiquetas y las perchas puestas.<\/p>\n\n\n\n<p class=\"has-medium-font-size\">Los objetos hallados no solo estar\u00edan vinculados con los dos robos cometidos ese domingo, sino tambi\u00e9n con otros hechos investigados por la Comisar\u00eda Seccional Tercera. Por eso, se inici\u00f3 un expediente por averiguaci\u00f3n de procedencia y la fiscal\u00eda de Delitos contra la Propiedad dispuso la detenci\u00f3n preventiva de los cinco implicados.<\/p>\n","protected":false},"excerpt":{"rendered":"<p>Una ma\u00f1ana que empez\u00f3 con un llamado al 101 termin\u00f3 con una banda de mecheras<\/p>\n","protected":false},"author":1,"featured_media":38207,"comment_status":"closed","ping_status":"open","sticky":false,"template":"","format":"standard","meta":{"om_disable_all_campaigns":false,"_monsterinsights_skip_tracking":false,"_monsterinsights_sitenote_active":false,"_monsterinsights_sitenote_note":"","_monsterinsights_sitenote_category":0,"_uf_show_specific_survey":0,"_uf_disable_surveys":false,"footnotes":""},"categories":[32,1913],"tags":[],"class_list":["post-38206","post","type-post","status-publish","format-standard","has-post-thumbnail","hentry","category-actualidad","category-porvinciales"],"aioseo_notices":[],"_links":{"self":[{"href":"https:\/\/revistabife.com\/index.php\/wp-json\/wp\/v2\/posts\/38206"}],"collection":[{"href":"https:\/\/revistabife.com\/index.php\/wp-json\/wp\/v2\/posts"}],"about":[{"href":"https:\/\/revistabife.com\/index.php\/wp-json\/wp\/v2\/types\/post"}],"author":[{"embeddable":true,"href":"https:\/\/revistabife.com\/index.php\/wp-json\/wp\/v2\/users\/1"}],"replies":[{"embeddable":true,"href":"https:\/\/revistabife.com\/index.php\/wp-json\/wp\/v2\/comments?post=38206"}],"version-history":[{"count":1,"href":"https:\/\/revistabife.com\/index.php\/wp-json\/wp\/v2\/posts\/38206\/revisions"}],"predecessor-version":[{"id":38208,"href":"https:\/\/revistabife.com\/index.php\/wp-json\/wp\/v2\/posts\/38206\/revisions\/38208"}],"wp:featuredmedia":[{"embeddable":true,"href":"https:\/\/revistabife.com\/index.php\/wp-json\/wp\/v2\/media\/38207"}],"wp:attachment":[{"href":"https:\/\/revistabife.com\/index.php\/wp-json\/wp\/v2\/media?parent=38206"}],"wp:term":[{"taxonomy":"category","embeddable":true,"href":"https:\/\/revistabife.com\/index.php\/wp-json\/wp\/v2\/categories?post=38206"},{"taxonomy":"post_tag","embeddable":true,"href":"https:\/\/revistabife.com\/index.php\/wp-json\/wp\/v2\/tags?post=38206"}],"curies":[{"name":"wp","href":"https:\/\/api.w.org\/{rel}","templated":true}]}}