{"id":37667,"date":"2025-04-23T13:07:53","date_gmt":"2025-04-23T16:07:53","guid":{"rendered":"https:\/\/revistabife.com\/?p=37667"},"modified":"2025-04-23T13:07:54","modified_gmt":"2025-04-23T16:07:54","slug":"barrera-sanitaria-gobierno-productores-y-frigorificos-acuerdan-posicion-conjunta-para-llevar-al-gobierno-nacional","status":"publish","type":"post","link":"https:\/\/revistabife.com\/index.php\/2025\/04\/23\/barrera-sanitaria-gobierno-productores-y-frigorificos-acuerdan-posicion-conjunta-para-llevar-al-gobierno-nacional\/","title":{"rendered":"Barrera Sanitaria: Gobierno, Productores y Frigor\u00edficos acuerdan posici\u00f3n conjunta para llevar al Gobierno Nacional"},"content":{"rendered":"\n<p class=\"has-medium-font-size\">En tal sentido, el Gobernador Sergio Ziliotto solicitar\u00e1 audiencia para trasladar dicha decisi\u00f3n. La misma sostiene la postura hist\u00f3rica de la eliminaci\u00f3n de la barrera sanitaria, &nbsp;por parte de todos los sectores de la provincia de La Pampa involucrados en la tem\u00e1tica. &nbsp;<\/p>\n\n\n\n<p class=\"has-medium-font-size\">Representantes de las distintas entidades que nuclean a productores agropecuarios, de los frigor\u00edficos que operan en la provincia se reunieron hoy con el gobernador, Sergio Ziliotto, la ministra de la Producci\u00f3n, Fernanda Gonz\u00e1lez y el secretario de Trabajo Marcelo Pedehonta\u00e1 para consensuar acciones unificadas tendientes a la eliminaci\u00f3n de la barrera que impide la comercializaci\u00f3n de carne con hueso al sur del rio Colorado.<\/p>\n\n\n\n<p class=\"has-medium-font-size\">Durante el encuentro prim\u00f3 la coincidencia de convocar a todos los sectores involucrados, incluido el Gobierno Nacional a una \u201cmesa de di\u00e1logo\u201d que perite avanzar en&nbsp; una soluci\u00f3n consensuada de este reclamo hist\u00f3rico que la provincia de La Pampa sostiene desde hace a\u00f1os.<\/p>\n\n\n\n<p class=\"has-medium-font-size\">Consideraron que el levantamiento de la barrera \u201crepercutir\u00e1 positivamente en la comercializaci\u00f3n de productos y subproductos c\u00e1rnicos hacia otros mercados con est\u00e1ndares sanitarios m\u00e1s elevados\u201d.<\/p>\n\n\n\n<p class=\"has-medium-font-size\">No obstante, entendieron&nbsp; como fundamental y necesario que \u201cdesde la Secretar\u00eda de Agricultura, Ganader\u00eda y Pesca y del organismo sanitario nacional (SENASA) se piense en un plan estrat\u00e9gico hacia todo el territorio, que permita el alcance de un estatus sanitario superador\u201d.<\/p>\n","protected":false},"excerpt":{"rendered":"<p>En tal sentido, el Gobernador Sergio Ziliotto solicitar\u00e1 audiencia para trasladar dicha decisi\u00f3n. La misma<\/p>\n","protected":false},"author":1,"featured_media":37668,"comment_status":"closed","ping_status":"open","sticky":false,"template":"","format":"standard","meta":{"om_disable_all_campaigns":false,"_monsterinsights_skip_tracking":false,"_monsterinsights_sitenote_active":false,"_monsterinsights_sitenote_note":"","_monsterinsights_sitenote_category":0,"_uf_show_specific_survey":0,"_uf_disable_surveys":false,"footnotes":""},"categories":[32,1913],"tags":[],"class_list":["post-37667","post","type-post","status-publish","format-standard","has-post-thumbnail","hentry","category-actualidad","category-porvinciales"],"aioseo_notices":[],"_links":{"self":[{"href":"https:\/\/revistabife.com\/index.php\/wp-json\/wp\/v2\/posts\/37667"}],"collection":[{"href":"https:\/\/revistabife.com\/index.php\/wp-json\/wp\/v2\/posts"}],"about":[{"href":"https:\/\/revistabife.com\/index.php\/wp-json\/wp\/v2\/types\/post"}],"author":[{"embeddable":true,"href":"https:\/\/revistabife.com\/index.php\/wp-json\/wp\/v2\/users\/1"}],"replies":[{"embeddable":true,"href":"https:\/\/revistabife.com\/index.php\/wp-json\/wp\/v2\/comments?post=37667"}],"version-history":[{"count":1,"href":"https:\/\/revistabife.com\/index.php\/wp-json\/wp\/v2\/posts\/37667\/revisions"}],"predecessor-version":[{"id":37669,"href":"https:\/\/revistabife.com\/index.php\/wp-json\/wp\/v2\/posts\/37667\/revisions\/37669"}],"wp:featuredmedia":[{"embeddable":true,"href":"https:\/\/revistabife.com\/index.php\/wp-json\/wp\/v2\/media\/37668"}],"wp:attachment":[{"href":"https:\/\/revistabife.com\/index.php\/wp-json\/wp\/v2\/media?parent=37667"}],"wp:term":[{"taxonomy":"category","embeddable":true,"href":"https:\/\/revistabife.com\/index.php\/wp-json\/wp\/v2\/categories?post=37667"},{"taxonomy":"post_tag","embeddable":true,"href":"https:\/\/revistabife.com\/index.php\/wp-json\/wp\/v2\/tags?post=37667"}],"curies":[{"name":"wp","href":"https:\/\/api.w.org\/{rel}","templated":true}]}}