{"id":37598,"date":"2025-04-21T08:37:05","date_gmt":"2025-04-21T11:37:05","guid":{"rendered":"https:\/\/revistabife.com\/?p=37598"},"modified":"2025-04-21T08:37:06","modified_gmt":"2025-04-21T11:37:06","slug":"murio-francisco","status":"publish","type":"post","link":"https:\/\/revistabife.com\/index.php\/2025\/04\/21\/murio-francisco\/","title":{"rendered":"Muri\u00f3 Francisco"},"content":{"rendered":"\n<p>A los 88 a\u00f1os, muri\u00f3 el Papa Francisco. Fue a las 5:00 de Argentina.<\/p>\n\n\n\n<p>Jorge Bergoglio, el Papa argentino, hab\u00eda asumido en 2013.<\/p>\n\n\n\n<p>Nacido un 17 de diciembre de 1936, su padre y sus abuelos maternos eran inmigrantes italianos. Su infancia y transcurri\u00f3 en el barrio porte\u00f1o de Flores al que volver\u00eda a\u00f1os despu\u00e9s. Luego de terminar el secundario industrial, se gradu\u00f3 de t\u00e9cnico qu\u00edmico y trabaj\u00f3 en un laboratorio.<\/p>\n\n\n\n<p>A los 21 a\u00f1os opt\u00f3 por volcarse a la vida religiosa. Ingres\u00f3 en el seminario de Villa Devoto, perteneciente a la Compa\u00f1\u00eda de Jes\u00fas, m\u00e1s conocidos como jesuitas para ordenarse como sacerdote reci\u00e9n en 1969, a los 32 a\u00f1os.<\/p>\n\n\n\n<p>A partir de all\u00ed comenz\u00f3 a ocupar distintos cargos de mayor jerarqu\u00eda dentro de la orden jesu\u00edtica y por tanto, dentro de la Iglesia cat\u00f3lica.<\/p>\n\n\n\n<p>El papa Francisco asumi\u00f3 con la misi\u00f3n de transformar la imagen eclesial. De hecho, el excardenal argentino fue el primer pont\u00edfice nacido en el hemisferio sur y el \u00fanico de la orden jesuita a la fecha.<\/p>\n","protected":false},"excerpt":{"rendered":"<p>A los 88 a\u00f1os, muri\u00f3 el Papa Francisco. Fue a las 5:00 de Argentina. Jorge<\/p>\n","protected":false},"author":1,"featured_media":37599,"comment_status":"closed","ping_status":"open","sticky":false,"template":"","format":"standard","meta":{"om_disable_all_campaigns":false,"_monsterinsights_skip_tracking":false,"_monsterinsights_sitenote_active":false,"_monsterinsights_sitenote_note":"","_monsterinsights_sitenote_category":0,"_uf_show_specific_survey":0,"_uf_disable_surveys":false,"footnotes":""},"categories":[32,1913],"tags":[],"class_list":["post-37598","post","type-post","status-publish","format-standard","has-post-thumbnail","hentry","category-actualidad","category-porvinciales"],"aioseo_notices":[],"_links":{"self":[{"href":"https:\/\/revistabife.com\/index.php\/wp-json\/wp\/v2\/posts\/37598"}],"collection":[{"href":"https:\/\/revistabife.com\/index.php\/wp-json\/wp\/v2\/posts"}],"about":[{"href":"https:\/\/revistabife.com\/index.php\/wp-json\/wp\/v2\/types\/post"}],"author":[{"embeddable":true,"href":"https:\/\/revistabife.com\/index.php\/wp-json\/wp\/v2\/users\/1"}],"replies":[{"embeddable":true,"href":"https:\/\/revistabife.com\/index.php\/wp-json\/wp\/v2\/comments?post=37598"}],"version-history":[{"count":2,"href":"https:\/\/revistabife.com\/index.php\/wp-json\/wp\/v2\/posts\/37598\/revisions"}],"predecessor-version":[{"id":37601,"href":"https:\/\/revistabife.com\/index.php\/wp-json\/wp\/v2\/posts\/37598\/revisions\/37601"}],"wp:featuredmedia":[{"embeddable":true,"href":"https:\/\/revistabife.com\/index.php\/wp-json\/wp\/v2\/media\/37599"}],"wp:attachment":[{"href":"https:\/\/revistabife.com\/index.php\/wp-json\/wp\/v2\/media?parent=37598"}],"wp:term":[{"taxonomy":"category","embeddable":true,"href":"https:\/\/revistabife.com\/index.php\/wp-json\/wp\/v2\/categories?post=37598"},{"taxonomy":"post_tag","embeddable":true,"href":"https:\/\/revistabife.com\/index.php\/wp-json\/wp\/v2\/tags?post=37598"}],"curies":[{"name":"wp","href":"https:\/\/api.w.org\/{rel}","templated":true}]}}