{"id":37541,"date":"2025-04-15T20:04:23","date_gmt":"2025-04-15T23:04:23","guid":{"rendered":"https:\/\/revistabife.com\/?p=37541"},"modified":"2025-04-15T20:27:59","modified_gmt":"2025-04-15T23:27:59","slug":"santa-rosa-entro-a-robar-y-apunalo-de-pura-sana-al-dueno-mientras-dormia-fue-condenado-a-cinco-anos-de-prision","status":"publish","type":"post","link":"https:\/\/revistabife.com\/index.php\/2025\/04\/15\/santa-rosa-entro-a-robar-y-apunalo-de-pura-sana-al-dueno-mientras-dormia-fue-condenado-a-cinco-anos-de-prision\/","title":{"rendered":"Santa Rosa: Entr\u00f3 a robar y apu\u00f1al\u00f3 de pura sa\u00f1a al due\u00f1o mientras dorm\u00eda; fue condenado a cinco a\u00f1os de prisi\u00f3n"},"content":{"rendered":"\n<p>La madrugada del 24 de febrero en la zona sur de Santa Rosa tuvo un protagonista indeseado: Marcelo Ezequiel Maldonado, de 36 a\u00f1os, quien irrumpi\u00f3 en una vivienda para robar un celular y termin\u00f3 hiriendo con un cuchillo al due\u00f1o de casa mientras dorm\u00eda. Hoy, la Justicia lo conden\u00f3 a cinco a\u00f1os de prisi\u00f3n de cumplimiento efectivo por <em>robo agravado con arma impropia<\/em> y ratific\u00f3 su condici\u00f3n de <em>reincidente<\/em>.<\/p>\n\n\n\n<p>La escena fue digna de una pel\u00edcula de terror dom\u00e9stico. Seg\u00fan detall\u00f3 el juez de audiencia Daniel S\u00e1ez Zamora en la sentencia, Maldonado ingres\u00f3 en silencio y sorprendi\u00f3 a su v\u00edctima mientras dorm\u00eda. Le asest\u00f3 al menos dos puntazos con un cuchillo tipo serrucho en la espalda. Por suerte, las heridas fueron superficiales.<\/p>\n\n\n\n<p>A pesar del intento de fuga, el agresor fue detenido poco despu\u00e9s del hecho. En el marco de un juicio abreviado, Maldonado admiti\u00f3 su responsabilidad penal. El acuerdo fue presentado por el fiscal Facundo Bon Dergham, la defensora oficial Alejandra Moyano Gonz\u00e1lez y el propio imputado, y homologado por el juez.<\/p>\n\n\n\n<p>\u201cEl acusado se apoder\u00f3 de un bien de la v\u00edctima y utiliz\u00f3 un medio que potenci\u00f3 su poder ofensivo\u201d, subray\u00f3 S\u00e1ez Zamora. El testimonio de la v\u00edctima y otros testigos, sumado al hallazgo del celular robado, permitieron reconstruir con precisi\u00f3n lo ocurrido.<\/p>\n\n\n\n<p>Pero la historia de Maldonado no empez\u00f3 aqu\u00ed. Ya hab\u00eda sido condenado a prisi\u00f3n en 2021, por lo que el juez decidi\u00f3 mantenerle la condici\u00f3n de reincidente, como lo establece el art\u00edculo 50 del C\u00f3digo Penal. La prisi\u00f3n preventiva se extender\u00e1 hasta que la nueva condena quede firme<\/p>\n","protected":false},"excerpt":{"rendered":"<p>La madrugada del 24 de febrero en la zona sur de Santa Rosa tuvo un<\/p>\n","protected":false},"author":1,"featured_media":37542,"comment_status":"closed","ping_status":"open","sticky":false,"template":"","format":"standard","meta":{"om_disable_all_campaigns":false,"_monsterinsights_skip_tracking":false,"_monsterinsights_sitenote_active":false,"_monsterinsights_sitenote_note":"","_monsterinsights_sitenote_category":0,"_uf_show_specific_survey":0,"_uf_disable_surveys":false,"footnotes":""},"categories":[32,1913],"tags":[],"class_list":["post-37541","post","type-post","status-publish","format-standard","has-post-thumbnail","hentry","category-actualidad","category-porvinciales"],"aioseo_notices":[],"_links":{"self":[{"href":"https:\/\/revistabife.com\/index.php\/wp-json\/wp\/v2\/posts\/37541"}],"collection":[{"href":"https:\/\/revistabife.com\/index.php\/wp-json\/wp\/v2\/posts"}],"about":[{"href":"https:\/\/revistabife.com\/index.php\/wp-json\/wp\/v2\/types\/post"}],"author":[{"embeddable":true,"href":"https:\/\/revistabife.com\/index.php\/wp-json\/wp\/v2\/users\/1"}],"replies":[{"embeddable":true,"href":"https:\/\/revistabife.com\/index.php\/wp-json\/wp\/v2\/comments?post=37541"}],"version-history":[{"count":1,"href":"https:\/\/revistabife.com\/index.php\/wp-json\/wp\/v2\/posts\/37541\/revisions"}],"predecessor-version":[{"id":37543,"href":"https:\/\/revistabife.com\/index.php\/wp-json\/wp\/v2\/posts\/37541\/revisions\/37543"}],"wp:featuredmedia":[{"embeddable":true,"href":"https:\/\/revistabife.com\/index.php\/wp-json\/wp\/v2\/media\/37542"}],"wp:attachment":[{"href":"https:\/\/revistabife.com\/index.php\/wp-json\/wp\/v2\/media?parent=37541"}],"wp:term":[{"taxonomy":"category","embeddable":true,"href":"https:\/\/revistabife.com\/index.php\/wp-json\/wp\/v2\/categories?post=37541"},{"taxonomy":"post_tag","embeddable":true,"href":"https:\/\/revistabife.com\/index.php\/wp-json\/wp\/v2\/tags?post=37541"}],"curies":[{"name":"wp","href":"https:\/\/api.w.org\/{rel}","templated":true}]}}