{"id":37534,"date":"2025-04-15T10:38:23","date_gmt":"2025-04-15T13:38:23","guid":{"rendered":"https:\/\/revistabife.com\/?p=37534"},"modified":"2025-04-15T10:38:24","modified_gmt":"2025-04-15T13:38:24","slug":"mandril-decime-que-se-siente-milei-y-caputo-festejaron-la-salida-del-cepo-tras-el-endeudamiento","status":"publish","type":"post","link":"https:\/\/revistabife.com\/index.php\/2025\/04\/15\/mandril-decime-que-se-siente-milei-y-caputo-festejaron-la-salida-del-cepo-tras-el-endeudamiento\/","title":{"rendered":"&#8220;Mandril decime qu\u00e9 se siente&#8221;: Milei y Caputo festejaron la salida del cepo tras el endeudamiento"},"content":{"rendered":"\n<p class=\"has-medium-font-size\">Apenas se conoci\u00f3 el cierre de los mercados, en el primer d\u00eda sin cepo, en la Casa Rosada se percibi\u00f3 un clima de festejo total y se traslad\u00f3 al Palacio de Hacienda, donde el presidente Javier Milei y el ministro Toto Caputo cantaron canciones de cancha reversionadas al \u00e1mbito pol\u00edtico y compartieron fotos que dan cuenta de la euforia libertaria percibida desde temprano.<\/p>\n\n\n\n<p class=\"has-medium-font-size\">El audio cancionero fue difundido por el cineasta y miembro del equipo de comunicaci\u00f3n oficial Santiago Or\u00eda, mientras que las instant\u00e1neas de los festejos fueron publicadas por el vocero presidencial Manuel Adorni acompa\u00f1adas de la ir\u00f3nica frase de \u201cnerviosismo total en el gobierno\u201d. Ambas publicaciones fueron compartidas por Milei apenas unos minutos despu\u00e9s de su reuni\u00f3n con el secretario del Tesoro de Estados Unidos, Scott Bessent.<\/p>\n\n\n\n<p class=\"has-medium-font-size\">\u201cMandril decime qu\u00e9 se siente, que el cepo lleg\u00f3 a su final\u2026\u201d. Con esta letra, que fue grabada, editada y acompa\u00f1ada con im\u00e1genes de mandriles llorando y algunas fotograf\u00edas del Presidente, militantes y funcionarios de Gobierno festejaron la decisi\u00f3n de eliminar la medida que hab\u00eda impuesto el por entonces ministro Hern\u00e1n Lacunza durante la administraci\u00f3n de Cambiemos con Mauricio Macri de presidente.<\/p>\n\n\n\n<p class=\"has-medium-font-size\">El jefe de Estado junt\u00f3 a Caputo y a la mesa chica del equipo econ\u00f3mico en el sal\u00f3n Scalabrini Ortiz del emblem\u00e1tico quinto piso del Ministerio de Econom\u00eda para hacer un balance de la decisi\u00f3n de eliminar el cepo, ya con la respuesta de la pol\u00edtica y los mercados consumada, que todos festejaron euf\u00f3ricos.<\/p>\n","protected":false},"excerpt":{"rendered":"<p>Apenas se conoci\u00f3 el cierre de los mercados, en el primer d\u00eda sin cepo, en<\/p>\n","protected":false},"author":1,"featured_media":37535,"comment_status":"closed","ping_status":"open","sticky":false,"template":"","format":"standard","meta":{"om_disable_all_campaigns":false,"_monsterinsights_skip_tracking":false,"_monsterinsights_sitenote_active":false,"_monsterinsights_sitenote_note":"","_monsterinsights_sitenote_category":0,"_uf_show_specific_survey":0,"_uf_disable_surveys":false,"footnotes":""},"categories":[32,1868],"tags":[],"class_list":["post-37534","post","type-post","status-publish","format-standard","has-post-thumbnail","hentry","category-actualidad","category-nacionales-2"],"aioseo_notices":[],"_links":{"self":[{"href":"https:\/\/revistabife.com\/index.php\/wp-json\/wp\/v2\/posts\/37534"}],"collection":[{"href":"https:\/\/revistabife.com\/index.php\/wp-json\/wp\/v2\/posts"}],"about":[{"href":"https:\/\/revistabife.com\/index.php\/wp-json\/wp\/v2\/types\/post"}],"author":[{"embeddable":true,"href":"https:\/\/revistabife.com\/index.php\/wp-json\/wp\/v2\/users\/1"}],"replies":[{"embeddable":true,"href":"https:\/\/revistabife.com\/index.php\/wp-json\/wp\/v2\/comments?post=37534"}],"version-history":[{"count":1,"href":"https:\/\/revistabife.com\/index.php\/wp-json\/wp\/v2\/posts\/37534\/revisions"}],"predecessor-version":[{"id":37536,"href":"https:\/\/revistabife.com\/index.php\/wp-json\/wp\/v2\/posts\/37534\/revisions\/37536"}],"wp:featuredmedia":[{"embeddable":true,"href":"https:\/\/revistabife.com\/index.php\/wp-json\/wp\/v2\/media\/37535"}],"wp:attachment":[{"href":"https:\/\/revistabife.com\/index.php\/wp-json\/wp\/v2\/media?parent=37534"}],"wp:term":[{"taxonomy":"category","embeddable":true,"href":"https:\/\/revistabife.com\/index.php\/wp-json\/wp\/v2\/categories?post=37534"},{"taxonomy":"post_tag","embeddable":true,"href":"https:\/\/revistabife.com\/index.php\/wp-json\/wp\/v2\/tags?post=37534"}],"curies":[{"name":"wp","href":"https:\/\/api.w.org\/{rel}","templated":true}]}}