{"id":37529,"date":"2025-04-15T11:34:33","date_gmt":"2025-04-15T14:34:33","guid":{"rendered":"https:\/\/revistabife.com\/?p=37529"},"modified":"2025-04-15T11:34:34","modified_gmt":"2025-04-15T14:34:34","slug":"gravisimo-desplazaron-al-jefe-de-toxicomania-de-la-regional-ii-en-pico-por-herir-a-otro-policia-en-una-practica","status":"publish","type":"post","link":"https:\/\/revistabife.com\/index.php\/2025\/04\/15\/gravisimo-desplazaron-al-jefe-de-toxicomania-de-la-regional-ii-en-pico-por-herir-a-otro-policia-en-una-practica\/","title":{"rendered":"Grav\u00edsimo: Desplazaron al Jefe de Toxicoman\u00eda de la Regional II en Pico por herir a otro polic\u00eda en una pr\u00e1ctica"},"content":{"rendered":"\n<p>La Jefatura de Polic\u00eda resolvi\u00f3 apartar de su cargo al jefe de la Divisi\u00f3n Toxicoman\u00eda de la Unidad Regional II, Comisario Inspector Mart\u00edn Portillo, tras un grave incidente ocurrido durante una pr\u00e1ctica interna.<\/p>\n\n\n\n<p>La medida fue adoptada el lunes y se inici\u00f3 una investigaci\u00f3n administrativa a cargo de la Fiscal\u00eda de Investigaciones Administrativas (FIA), en cumplimiento del protocolo institucional.<\/p>\n\n\n\n<p>El hecho, considerado de extrema gravedad, se produjo el pasado 5 de abril, durante una capacitaci\u00f3n en la que un efectivo policial realizaba una demostraci\u00f3n t\u00e9cnica frente al personal del \u00e1rea. Seg\u00fan trascendi\u00f3, el jefe interrumpi\u00f3 la pr\u00e1ctica, ejecut\u00f3 una maniobra con violencia y habr\u00eda golpeado al agente con un arma en la zona abdominal. Luego, al caer la v\u00edctima, el jefe habr\u00eda continuado la acci\u00f3n impactando con ambas rodillas en su espalda.<\/p>\n\n\n\n<p>Las consecuencias f\u00edsicas fueron severas: el polic\u00eda fue internado tres d\u00edas despu\u00e9s en la Cl\u00ednica Argentina con una lesi\u00f3n importante en el est\u00f3mago y una afecci\u00f3n en la columna que motiv\u00f3 su baja laboral.<\/p>\n\n\n\n<p>Tambi\u00e9n trascendi\u00f3 en las \u00faltimas horas, que el jefe policial se habr\u00eda presentado en el centro de salud, no para interiorizarse sobre el estado del efectivo, sino para presionarlo con el objetivo de que declarara que las lesiones fueron producto de un accidente ajeno al entrenamiento. El episodio, presenciado por personal de salud y otros pacientes, gener\u00f3 un fuerte rechazo.<\/p>\n\n\n\n<p>Hasta el momento, no se ha radicado una denuncia formal por parte del polic\u00eda agredido. No obstante, la Fiscal\u00eda de la Segunda Circunscripci\u00f3n Judicial aguarda los resultados del sumario interno y el informe correspondiente para evaluar una eventual intervenci\u00f3n judicial.<\/p>\n\n\n\n<p><\/p>\n","protected":false},"excerpt":{"rendered":"<p>La Jefatura de Polic\u00eda resolvi\u00f3 apartar de su cargo al jefe de la Divisi\u00f3n Toxicoman\u00eda<\/p>\n","protected":false},"author":1,"featured_media":37539,"comment_status":"closed","ping_status":"open","sticky":false,"template":"","format":"standard","meta":{"om_disable_all_campaigns":false,"_monsterinsights_skip_tracking":false,"_monsterinsights_sitenote_active":false,"_monsterinsights_sitenote_note":"","_monsterinsights_sitenote_category":0,"_uf_show_specific_survey":0,"_uf_disable_surveys":false,"footnotes":""},"categories":[1],"tags":[],"class_list":["post-37529","post","type-post","status-publish","format-standard","has-post-thumbnail","hentry","category-sin-categoria"],"aioseo_notices":[],"_links":{"self":[{"href":"https:\/\/revistabife.com\/index.php\/wp-json\/wp\/v2\/posts\/37529"}],"collection":[{"href":"https:\/\/revistabife.com\/index.php\/wp-json\/wp\/v2\/posts"}],"about":[{"href":"https:\/\/revistabife.com\/index.php\/wp-json\/wp\/v2\/types\/post"}],"author":[{"embeddable":true,"href":"https:\/\/revistabife.com\/index.php\/wp-json\/wp\/v2\/users\/1"}],"replies":[{"embeddable":true,"href":"https:\/\/revistabife.com\/index.php\/wp-json\/wp\/v2\/comments?post=37529"}],"version-history":[{"count":4,"href":"https:\/\/revistabife.com\/index.php\/wp-json\/wp\/v2\/posts\/37529\/revisions"}],"predecessor-version":[{"id":37540,"href":"https:\/\/revistabife.com\/index.php\/wp-json\/wp\/v2\/posts\/37529\/revisions\/37540"}],"wp:featuredmedia":[{"embeddable":true,"href":"https:\/\/revistabife.com\/index.php\/wp-json\/wp\/v2\/media\/37539"}],"wp:attachment":[{"href":"https:\/\/revistabife.com\/index.php\/wp-json\/wp\/v2\/media?parent=37529"}],"wp:term":[{"taxonomy":"category","embeddable":true,"href":"https:\/\/revistabife.com\/index.php\/wp-json\/wp\/v2\/categories?post=37529"},{"taxonomy":"post_tag","embeddable":true,"href":"https:\/\/revistabife.com\/index.php\/wp-json\/wp\/v2\/tags?post=37529"}],"curies":[{"name":"wp","href":"https:\/\/api.w.org\/{rel}","templated":true}]}}