{"id":37497,"date":"2025-04-14T11:11:55","date_gmt":"2025-04-14T14:11:55","guid":{"rendered":"https:\/\/revistabife.com\/?p=37497"},"modified":"2025-04-14T11:11:56","modified_gmt":"2025-04-14T14:11:56","slug":"se-cruzo-de-carril-en-la-35-y-produjo-un-violento-accidente-tenia-12-gramos-de-alcohol-en-sangre","status":"publish","type":"post","link":"https:\/\/revistabife.com\/index.php\/2025\/04\/14\/se-cruzo-de-carril-en-la-35-y-produjo-un-violento-accidente-tenia-12-gramos-de-alcohol-en-sangre\/","title":{"rendered":"Se cruz\u00f3 de carril en la 35 y produjo un violento accidente: Ten\u00eda 1,2 gramos de alcohol en sangre"},"content":{"rendered":"\n<p>Un violento accidente de tr\u00e1nsito ocurrido este domingo por la noche en el kil\u00f3metro 314 de la Ruta Nacional N\u00b035 dej\u00f3 como saldo un hombre con una fractura en su brazo derecho y serias consecuencias materiales.<\/p>\n\n\n\n<p>El siniestro se produjo cerca de las 22:45, cuando dos camionetas protagonizaron un choque que deriv\u00f3 en un vuelco.<\/p>\n\n\n\n<p>BIFE pudo saber a trav\u00e9s de fuentes policiales de la Seccional Quinta de Toay, que una pick up Ford Ranger que circulaba en direcci\u00f3n norte-sur se cruz\u00f3 de carril por un descuido de su conductor, un hombre oriundo de Rol\u00f3n.<\/p>\n\n\n\n<p>La maniobra provoc\u00f3 que una camioneta Toyota RAV4, que se desplazaba en sentido contrario con cuatro ocupantes a bordo, realizara una brusca maniobra para evitar el impacto frontal. Como resultado, este \u00faltimo veh\u00edculo termin\u00f3 volcando sobre la banquina oeste y dio al menos cuatro tumbos.<\/p>\n\n\n\n<p>Uno de los ocupantes de la Toyota result\u00f3 con una fractura en el brazo derecho y fue trasladado por personal m\u00e9dico al Hospital Ren\u00e9 Favaloro para recibir atenci\u00f3n especializada.<\/p>\n\n\n\n<p>Las pruebas de alcoholemia arrojaron un resultado positivo de 1.2 g\/L para el conductor de la Ford Ranger, mientras que el conductor de la Toyota dio 0.0 g\/L.<\/p>\n\n\n\n<p>El responsable fue imputado en una causa judicial por lesiones graves en accidente de tr\u00e1nsito. Adem\u00e1s, se le secuestraron el tel\u00e9fono celular y la licencia de conducir, y fue notificado en libertad.<\/p>\n","protected":false},"excerpt":{"rendered":"<p>Un violento accidente de tr\u00e1nsito ocurrido este domingo por la noche en el kil\u00f3metro 314<\/p>\n","protected":false},"author":1,"featured_media":37498,"comment_status":"closed","ping_status":"open","sticky":false,"template":"","format":"standard","meta":{"om_disable_all_campaigns":false,"_monsterinsights_skip_tracking":false,"_monsterinsights_sitenote_active":false,"_monsterinsights_sitenote_note":"","_monsterinsights_sitenote_category":0,"_uf_show_specific_survey":0,"_uf_disable_surveys":false,"footnotes":""},"categories":[32,1913],"tags":[],"class_list":["post-37497","post","type-post","status-publish","format-standard","has-post-thumbnail","hentry","category-actualidad","category-porvinciales"],"aioseo_notices":[],"_links":{"self":[{"href":"https:\/\/revistabife.com\/index.php\/wp-json\/wp\/v2\/posts\/37497"}],"collection":[{"href":"https:\/\/revistabife.com\/index.php\/wp-json\/wp\/v2\/posts"}],"about":[{"href":"https:\/\/revistabife.com\/index.php\/wp-json\/wp\/v2\/types\/post"}],"author":[{"embeddable":true,"href":"https:\/\/revistabife.com\/index.php\/wp-json\/wp\/v2\/users\/1"}],"replies":[{"embeddable":true,"href":"https:\/\/revistabife.com\/index.php\/wp-json\/wp\/v2\/comments?post=37497"}],"version-history":[{"count":1,"href":"https:\/\/revistabife.com\/index.php\/wp-json\/wp\/v2\/posts\/37497\/revisions"}],"predecessor-version":[{"id":37499,"href":"https:\/\/revistabife.com\/index.php\/wp-json\/wp\/v2\/posts\/37497\/revisions\/37499"}],"wp:featuredmedia":[{"embeddable":true,"href":"https:\/\/revistabife.com\/index.php\/wp-json\/wp\/v2\/media\/37498"}],"wp:attachment":[{"href":"https:\/\/revistabife.com\/index.php\/wp-json\/wp\/v2\/media?parent=37497"}],"wp:term":[{"taxonomy":"category","embeddable":true,"href":"https:\/\/revistabife.com\/index.php\/wp-json\/wp\/v2\/categories?post=37497"},{"taxonomy":"post_tag","embeddable":true,"href":"https:\/\/revistabife.com\/index.php\/wp-json\/wp\/v2\/tags?post=37497"}],"curies":[{"name":"wp","href":"https:\/\/api.w.org\/{rel}","templated":true}]}}