{"id":37420,"date":"2025-04-08T11:10:48","date_gmt":"2025-04-08T14:10:48","guid":{"rendered":"https:\/\/revistabife.com\/?p=37420"},"modified":"2025-04-08T11:10:49","modified_gmt":"2025-04-08T14:10:49","slug":"por-primera-vez-una-cuadrilla-de-la-cpe-de-conexiones-es-integrada-por-mujeres","status":"publish","type":"post","link":"https:\/\/revistabife.com\/index.php\/2025\/04\/08\/por-primera-vez-una-cuadrilla-de-la-cpe-de-conexiones-es-integrada-por-mujeres\/","title":{"rendered":"Por primera vez una cuadrilla de la CPE de Conexiones es integrada por mujeres"},"content":{"rendered":"\n<p class=\"has-medium-font-size\">El viernes 4 de abril se produjo un hecho in\u00e9dito en la historia de la CPE. Por primera vez, una cuadrilla del \u00e1rea de Conexiones del Servicio El\u00e9ctrico estuvo integrada en su totalidad por dos mujeres. Se trata de las operarias Demetria Riveros Armoa y Alejandra Roseo.<\/p>\n\n\n\n<p class=\"has-medium-font-size\">La cuadrilla estuvo realizando conexiones al servicio el\u00e9ctrico en la zona Centro de Santa Rosa y, aunque ambas ya ven\u00edan ejecutando tareas similares en calidad de ayudantes, esta fue la primera vez que lo hicieron en un equipo integrado exclusivamente por ellas, con Demi \u2014como todos la llaman\u2014 asumiendo el rol de Oficial, es decir la operaria responsable de la pareja laboral, de acuerdo a las normas establecidas por el reglamento del Servicio y el convenio laboral que rige la actividad, el 36\/75 de Luz y Fuerza.<\/p>\n\n\n\n<p class=\"has-medium-font-size\">Demetria Riveros, flamante responsable de cuadrilla, forma parte del plantel cooperativo desde 2014, cuando ingres\u00f3 en el \u00e1rea de Maestranza en la Gerencia de Recursos Humanos. Luego se interes\u00f3 en el programa de capacitaci\u00f3n de mujeres para ocupar sectores t\u00e9cnicos, que la CPE puso en marcha durante el a\u00f1o 2021, con el fin de dotar a los servicios de energ\u00eda y telecomunicaciones de personal femenino en tareas hist\u00f3ricamente realizadas por varones. Y fue en el marco de ese programa en que ingres\u00f3 Alejandra, en junio de 2022, directamente a Conexiones, que integra el sector Subestaciones y Mediciones en la Gerencia del Servicio El\u00e9ctrico y Alumbrado P\u00fablico.<\/p>\n\n\n\n<p class=\"has-medium-font-size\">Tanto Demetria como Alejandra han destacado en varias oportunidades que el ambiente de trabajo encontrado en las cuadrillas ha sido muy bueno y favorable para el crecimiento laboral de ambas, hasta llegar a esta novedad hist\u00f3rica para la cooperativa, que el pr\u00f3ximo 1\u00ba de octubre cumplir\u00e1 90 a\u00f1os brindando el servicio de energ\u00eda el\u00e9ctrica.<\/p>\n\n\n\n<p class=\"has-medium-font-size\">Incorporaci\u00f3n de Mujeres en \u00c1reas T\u00e9cnicas<\/p>\n\n\n\n<p class=\"has-medium-font-size\">Hace cuatro a\u00f1os, la CPE implement\u00f3 un Programa de Incorporaci\u00f3n de Mujeres en \u00c1reas T\u00e9cnicas, surgido luego de un estudio que durante dos a\u00f1os hizo el Equipo de Aplicaci\u00f3n del Protocolo (EAP), una oficina interna formada por una representante del Consejo de Administraci\u00f3n, una abogada del \u00e1rea de Asesor\u00eda Legal y una profesional psic\u00f3loga de RRHH.<\/p>\n\n\n\n<p>Este equipo, en el marco de la Resoluci\u00f3n 011\/20 del Consejo de Administraci\u00f3n, est\u00e1 encargado de cotejar la aplicaci\u00f3n<strong><a href=\"https:\/\/1deoctubre.com.ar\/notas\/452-la-cpe-con-programas-y-medidas-por-la-equidad-de-genero\" target=\"_blank\" rel=\"noreferrer noopener\">&nbsp;\u201cProtocolo de Prevenci\u00f3n y Actuaci\u00f3n Institucional ante situaciones de violencia de g\u00e9nero, acoso, discriminaci\u00f3n y violencia laboral\u201d<\/a><\/strong>.<\/p>\n\n\n\n<p>Uno de los trabajos que realiz\u00f3 el EAP fue un estudio sobre el Mapa de G\u00e9nero de la CPE, basado en un an\u00e1lisis cuantitativo y comparativo de las Memorias y Balances de la entidad, con el objetivo de reducir la brecha de g\u00e9nero existente hacia el interior de la cooperativa. Uno de sus resultados pr\u00e1cticos fue la implementaci\u00f3n del Programa de Incorporaci\u00f3n de Mujeres en \u00c1reas T\u00e9cnicas.<\/p>\n","protected":false},"excerpt":{"rendered":"<p>El viernes 4 de abril se produjo un hecho in\u00e9dito en la historia de la<\/p>\n","protected":false},"author":1,"featured_media":37421,"comment_status":"closed","ping_status":"open","sticky":false,"template":"","format":"standard","meta":{"om_disable_all_campaigns":false,"_monsterinsights_skip_tracking":false,"_monsterinsights_sitenote_active":false,"_monsterinsights_sitenote_note":"","_monsterinsights_sitenote_category":0,"_uf_show_specific_survey":0,"_uf_disable_surveys":false,"footnotes":""},"categories":[32,1913],"tags":[],"class_list":["post-37420","post","type-post","status-publish","format-standard","has-post-thumbnail","hentry","category-actualidad","category-porvinciales"],"aioseo_notices":[],"_links":{"self":[{"href":"https:\/\/revistabife.com\/index.php\/wp-json\/wp\/v2\/posts\/37420"}],"collection":[{"href":"https:\/\/revistabife.com\/index.php\/wp-json\/wp\/v2\/posts"}],"about":[{"href":"https:\/\/revistabife.com\/index.php\/wp-json\/wp\/v2\/types\/post"}],"author":[{"embeddable":true,"href":"https:\/\/revistabife.com\/index.php\/wp-json\/wp\/v2\/users\/1"}],"replies":[{"embeddable":true,"href":"https:\/\/revistabife.com\/index.php\/wp-json\/wp\/v2\/comments?post=37420"}],"version-history":[{"count":1,"href":"https:\/\/revistabife.com\/index.php\/wp-json\/wp\/v2\/posts\/37420\/revisions"}],"predecessor-version":[{"id":37422,"href":"https:\/\/revistabife.com\/index.php\/wp-json\/wp\/v2\/posts\/37420\/revisions\/37422"}],"wp:featuredmedia":[{"embeddable":true,"href":"https:\/\/revistabife.com\/index.php\/wp-json\/wp\/v2\/media\/37421"}],"wp:attachment":[{"href":"https:\/\/revistabife.com\/index.php\/wp-json\/wp\/v2\/media?parent=37420"}],"wp:term":[{"taxonomy":"category","embeddable":true,"href":"https:\/\/revistabife.com\/index.php\/wp-json\/wp\/v2\/categories?post=37420"},{"taxonomy":"post_tag","embeddable":true,"href":"https:\/\/revistabife.com\/index.php\/wp-json\/wp\/v2\/tags?post=37420"}],"curies":[{"name":"wp","href":"https:\/\/api.w.org\/{rel}","templated":true}]}}