{"id":37397,"date":"2025-04-06T10:27:05","date_gmt":"2025-04-06T13:27:05","guid":{"rendered":"https:\/\/revistabife.com\/?p=37397"},"modified":"2025-04-06T10:27:06","modified_gmt":"2025-04-06T13:27:06","slug":"madrugada-de-locura-en-toay-corria-una-picada-en-plena-peron-y-volco-increiblemente-salio-ileso","status":"publish","type":"post","link":"https:\/\/revistabife.com\/index.php\/2025\/04\/06\/madrugada-de-locura-en-toay-corria-una-picada-en-plena-peron-y-volco-increiblemente-salio-ileso\/","title":{"rendered":"Madrugada de locura en Toay: Corr\u00eda una picada en plena Per\u00f3n y volc\u00f3; increiblemente sali\u00f3 ileso"},"content":{"rendered":"\n<p>Un vuelco impactante se produjo esta madrugada en la Avenida Juan Domingo Per\u00f3n a la altura de Pecho Colorado como consecuencia de una picada entre dos veh\u00edculos.<\/p>\n\n\n\n<p>BIFE pudo saber que el hecho ocurri\u00f3 alrededor de las 3:20, cuando una camioneta Volkswagen Amarok termin\u00f3 volcada sobre su techo, aunque su conductor result\u00f3 con apenas unos moretones.<\/p>\n\n\n\n<p>Quien presenci\u00f3 el hecho mientras transitaba por la zona, fue un ex comisario de la Regional de Toay.<\/p>\n\n\n\n<p>&#8220;Observ\u00f3 que una pick-up Amarok y un Toyota Etios circulaban a alta velocidad, aparentemente participando de una prueba de velocidad informal. Al llegar a la rotonda de Pato Colorado, la camioneta perdi\u00f3 el control, comenz\u00f3 a derrapar e impact\u00f3 contra el asfalto, quedando invertida con sus cuatro ruedas hacia arriba&#8221;, cont\u00f3 a BIFE una fuente de la Seccional Quinta de Toay.<\/p>\n\n\n\n<p>El conductor de la Amarok, domiciliado en Santa Rosa, logr\u00f3 salir por sus propios medios. El segundo veh\u00edculo involucrado, un Toyota Etios color gris, era conducido por un ciudadano cuyo domicilio tambi\u00e9n corresponde a la capital pampeana.<\/p>\n\n\n\n<p>En el lugar trabaj\u00f3 personal de salud a cargo del Dr. Sainni, junto a Bomberos Voluntarios de Toay. Ambos conductores fueron notificadosen libertad y se procedi\u00f3 al secuestro formal de los veh\u00edculos.<\/p>\n\n\n\n<p>Las pruebas de alcoholemia realizadas a los involucrados arrojaron resultados negativos (0.0 g\/l).<\/p>\n\n\n\n<p>A su vez, se les inici\u00f3 una causa por participar, organizar, promover o posibilitar prueba de velocidad\/destreza con veh\u00edculo con motor.<\/p>\n","protected":false},"excerpt":{"rendered":"<p>Un vuelco impactante se produjo esta madrugada en la Avenida Juan Domingo Per\u00f3n a la<\/p>\n","protected":false},"author":1,"featured_media":37398,"comment_status":"closed","ping_status":"open","sticky":false,"template":"","format":"standard","meta":{"om_disable_all_campaigns":false,"_monsterinsights_skip_tracking":false,"_monsterinsights_sitenote_active":false,"_monsterinsights_sitenote_note":"","_monsterinsights_sitenote_category":0,"_uf_show_specific_survey":0,"_uf_disable_surveys":false,"footnotes":""},"categories":[32,1913],"tags":[],"class_list":["post-37397","post","type-post","status-publish","format-standard","has-post-thumbnail","hentry","category-actualidad","category-porvinciales"],"aioseo_notices":[],"_links":{"self":[{"href":"https:\/\/revistabife.com\/index.php\/wp-json\/wp\/v2\/posts\/37397"}],"collection":[{"href":"https:\/\/revistabife.com\/index.php\/wp-json\/wp\/v2\/posts"}],"about":[{"href":"https:\/\/revistabife.com\/index.php\/wp-json\/wp\/v2\/types\/post"}],"author":[{"embeddable":true,"href":"https:\/\/revistabife.com\/index.php\/wp-json\/wp\/v2\/users\/1"}],"replies":[{"embeddable":true,"href":"https:\/\/revistabife.com\/index.php\/wp-json\/wp\/v2\/comments?post=37397"}],"version-history":[{"count":1,"href":"https:\/\/revistabife.com\/index.php\/wp-json\/wp\/v2\/posts\/37397\/revisions"}],"predecessor-version":[{"id":37399,"href":"https:\/\/revistabife.com\/index.php\/wp-json\/wp\/v2\/posts\/37397\/revisions\/37399"}],"wp:featuredmedia":[{"embeddable":true,"href":"https:\/\/revistabife.com\/index.php\/wp-json\/wp\/v2\/media\/37398"}],"wp:attachment":[{"href":"https:\/\/revistabife.com\/index.php\/wp-json\/wp\/v2\/media?parent=37397"}],"wp:term":[{"taxonomy":"category","embeddable":true,"href":"https:\/\/revistabife.com\/index.php\/wp-json\/wp\/v2\/categories?post=37397"},{"taxonomy":"post_tag","embeddable":true,"href":"https:\/\/revistabife.com\/index.php\/wp-json\/wp\/v2\/tags?post=37397"}],"curies":[{"name":"wp","href":"https:\/\/api.w.org\/{rel}","templated":true}]}}