{"id":37394,"date":"2025-04-05T21:34:50","date_gmt":"2025-04-06T00:34:50","guid":{"rendered":"https:\/\/revistabife.com\/?p=37394"},"modified":"2025-04-05T21:35:05","modified_gmt":"2025-04-06T00:35:05","slug":"santa-rosa-una-madre-denuncio-que-su-hija-de-15-anos-fue-brutalmente-golpeada-por-una-companera-de-colegio-senalo-que-las-autoridades-del-fernando-araoz-no-intervinieron","status":"publish","type":"post","link":"https:\/\/revistabife.com\/index.php\/2025\/04\/05\/santa-rosa-una-madre-denuncio-que-su-hija-de-15-anos-fue-brutalmente-golpeada-por-una-companera-de-colegio-senalo-que-las-autoridades-del-fernando-araoz-no-intervinieron\/","title":{"rendered":"Santa Rosa: Una madre denunci\u00f3 que su hija de 15 a\u00f1os fue brutalmente golpeada por una compa\u00f1era de colegio; se\u00f1al\u00f3 que las autoridades del Fernando Araoz no intervinieron"},"content":{"rendered":"\n<p>Brenda Ferreyra, madre de una alumna de 15 a\u00f1os del colegio Fernando Ar\u00e1oz de Santa Rosa, denunci\u00f3 que su hija fue agredida violentamente por una compa\u00f1era, pese a que la situaci\u00f3n hab\u00eda sido advertida previamente a las autoridades del colegio. \u201cTodo esto se pudo haber evitado\u201d, afirm\u00f3 con indignaci\u00f3n.<\/p>\n\n\n\n<p>Fue el lunes por la ma\u00f1ana cuando su hija le envi\u00f3 una captura de un grupo de WhatsApp donde se anticipaba la agresi\u00f3n. \u201cElla a las 10 le avis\u00f3 a la preceptora porque ten\u00eda miedo, pero me termin\u00f3 avisando a m\u00ed porque nadie hizo nada al respecto\u201d, cont\u00f3.<\/p>\n\n\n\n<p>Ferreyra fue de inmediato al colegio, habl\u00f3 con la directora y decidi\u00f3 retirar a sus dos hijos del establecimiento. \u201cLe pregunt\u00e9 qui\u00e9n era la chica que le quer\u00eda pegar a mi hija y por qu\u00e9. Me dijo que no pod\u00eda decirlo porque era menor. Le dije que me parec\u00eda perfecto, que me los llevaba y no volv\u00edan m\u00e1s\u201d, dijo.<\/p>\n\n\n\n<p>Sin embargo, mientras estaban en el lugar, se produjo la agresi\u00f3n. \u201cSe acerc\u00f3 esa chica y le peg\u00f3 delante de m\u00ed. Mi hija le dijo \u2018no quiero hablar con vos\u2019 y esta chica la empez\u00f3 a golpear, la agarr\u00f3 de los pelos, le dio patadas en la cara\u2026 no la pod\u00edamos sacar\u201d, detall\u00f3. En medio del intento por separarlas, Ferreyra tambi\u00e9n fue golpeada. \u201cLa directora sosten\u00eda a mi hija de los brazos, y la otra le segu\u00eda pegando. Me met\u00ed, la insult\u00e9, fue lo \u00fanico que me sali\u00f3 hacer\u2026 y me peg\u00f3 a m\u00ed tambi\u00e9n\u201d, denunci\u00f3.<\/p>\n\n\n\n<p>La joven fue atendida una hora despu\u00e9s y se encuentra con parte m\u00e9dico. \u201cEst\u00e1 mal, grabaron un video y todos se burlan. Si yo no llegaba ese d\u00eda, no s\u00e9 qu\u00e9 pasaba\u201d, lament\u00f3.<\/p>\n\n\n\n<p>Ferreyra responsabiliz\u00f3 directamente a la directora Paula P\u00e9rez Castro, a la auxiliar Mar\u00eda Luj\u00e1n Fern\u00e1ndez, al preceptor y al vicedirector. \u201cNo voy a parar legalmente hasta que no vuelvan a tratar con ni\u00f1os. Lo que m\u00e1s le doli\u00f3 a mi hija fue que yo viera c\u00f3mo le pegaban\u201d, cerr\u00f3.<\/p>\n","protected":false},"excerpt":{"rendered":"<p>Brenda Ferreyra, madre de una alumna de 15 a\u00f1os del colegio Fernando Ar\u00e1oz de Santa<\/p>\n","protected":false},"author":1,"featured_media":37395,"comment_status":"closed","ping_status":"open","sticky":false,"template":"","format":"standard","meta":{"om_disable_all_campaigns":false,"_monsterinsights_skip_tracking":false,"_monsterinsights_sitenote_active":false,"_monsterinsights_sitenote_note":"","_monsterinsights_sitenote_category":0,"_uf_show_specific_survey":0,"_uf_disable_surveys":false,"footnotes":""},"categories":[32,1913],"tags":[],"class_list":["post-37394","post","type-post","status-publish","format-standard","has-post-thumbnail","hentry","category-actualidad","category-porvinciales"],"aioseo_notices":[],"_links":{"self":[{"href":"https:\/\/revistabife.com\/index.php\/wp-json\/wp\/v2\/posts\/37394"}],"collection":[{"href":"https:\/\/revistabife.com\/index.php\/wp-json\/wp\/v2\/posts"}],"about":[{"href":"https:\/\/revistabife.com\/index.php\/wp-json\/wp\/v2\/types\/post"}],"author":[{"embeddable":true,"href":"https:\/\/revistabife.com\/index.php\/wp-json\/wp\/v2\/users\/1"}],"replies":[{"embeddable":true,"href":"https:\/\/revistabife.com\/index.php\/wp-json\/wp\/v2\/comments?post=37394"}],"version-history":[{"count":1,"href":"https:\/\/revistabife.com\/index.php\/wp-json\/wp\/v2\/posts\/37394\/revisions"}],"predecessor-version":[{"id":37396,"href":"https:\/\/revistabife.com\/index.php\/wp-json\/wp\/v2\/posts\/37394\/revisions\/37396"}],"wp:featuredmedia":[{"embeddable":true,"href":"https:\/\/revistabife.com\/index.php\/wp-json\/wp\/v2\/media\/37395"}],"wp:attachment":[{"href":"https:\/\/revistabife.com\/index.php\/wp-json\/wp\/v2\/media?parent=37394"}],"wp:term":[{"taxonomy":"category","embeddable":true,"href":"https:\/\/revistabife.com\/index.php\/wp-json\/wp\/v2\/categories?post=37394"},{"taxonomy":"post_tag","embeddable":true,"href":"https:\/\/revistabife.com\/index.php\/wp-json\/wp\/v2\/tags?post=37394"}],"curies":[{"name":"wp","href":"https:\/\/api.w.org\/{rel}","templated":true}]}}