{"id":37387,"date":"2025-04-04T12:17:04","date_gmt":"2025-04-04T15:17:04","guid":{"rendered":"https:\/\/revistabife.com\/?p=37387"},"modified":"2025-04-04T12:17:05","modified_gmt":"2025-04-04T15:17:05","slug":"preocupacion-por-la-falta-de-vacunas-la-pampa-reclama-a-nacion","status":"publish","type":"post","link":"https:\/\/revistabife.com\/index.php\/2025\/04\/04\/preocupacion-por-la-falta-de-vacunas-la-pampa-reclama-a-nacion\/","title":{"rendered":"Preocupaci\u00f3n por la falta de vacunas: La Pampa reclama a Naci\u00f3n"},"content":{"rendered":"\n<p>El Ministerio de Salud de La Pampa encendi\u00f3 una se\u00f1al de alerta ante la falta de vacunas esenciales del calendario nacional, una situaci\u00f3n que se suma a los ya conocidos retrasos en la entrega de insumos por parte del Gobierno nacional. La preocupaci\u00f3n principal radica en el impacto que esta situaci\u00f3n puede tener sobre las personas m\u00e1s vulnerables.<\/p>\n\n\n\n<p>\u201cEl faltante de vacunas no afecta solo a La Pampa, sino a varias jurisdicciones\u201d, explic\u00f3 el ministro Mario Kohan en di\u00e1logo con la Agencia Provincial de Noticias. \u201cYa lo ve\u00edamos venir porque sobre el final del a\u00f1o pasado hubo alg\u00fan peque\u00f1o retraso, pero se pudo acomodar la historia. Pero este a\u00f1o la cosa no se present\u00f3 tan clara y gestionamos insistentemente desde la Provincia para que nos dieran precisiones\u201d, afirm\u00f3.<\/p>\n\n\n\n<p>Kohan remarc\u00f3 que esas precisiones son clave para planificar la log\u00edstica provincial: \u201cNos referimos al n\u00famero de vacunas que nos van a enviar y en qu\u00e9 fecha van a llegar, porque a partir de la llegada de ese n\u00famero, uno planifica dentro y arma la estrategia de aplicaci\u00f3n y log\u00edstica de entrega en la Provincia\u201d.<\/p>\n\n\n\n<p>El funcionario se\u00f1al\u00f3 que La Pampa no est\u00e1 bien provista de todas las vacunas del calendario y que el mayor reclamo es por la triple viral (contra sarampi\u00f3n, rub\u00e9ola y paperas) y la vacuna contra la poliomielitis. Adem\u00e1s, a\u00fan no se recibieron las dosis correspondientes al segundo trimestre del a\u00f1o.<\/p>\n\n\n\n<p>Desde Naci\u00f3n argumentan que \u201clos laboratorios no hab\u00edan escalado la suficiente cantidad de producci\u00f3n como para poder cubrir la demanda\u201d, pero Kohan se mostr\u00f3 esc\u00e9ptico: \u201cEsta situaci\u00f3n parece dif\u00edcil de creer, ya que todo apunta a que el problema radica m\u00e1s en una falta de organizaci\u00f3n y log\u00edstica que en otras causas\u201d.<\/p>\n\n\n\n<p>Finalmente, apunt\u00f3 a un recorte de personal clave: \u201cEl Ministerio de Naci\u00f3n redujo considerablemente el personal, incluyendo a los responsables de la log\u00edstica y cient\u00edfica de vacunas. Quisiera pensar que el despido de personas capacitadas fue un error, pero las consecuencias son evidentes\u201d.<\/p>\n","protected":false},"excerpt":{"rendered":"<p>El Ministerio de Salud de La Pampa encendi\u00f3 una se\u00f1al de alerta ante la falta<\/p>\n","protected":false},"author":1,"featured_media":37388,"comment_status":"closed","ping_status":"open","sticky":false,"template":"","format":"standard","meta":{"om_disable_all_campaigns":false,"_monsterinsights_skip_tracking":false,"_monsterinsights_sitenote_active":false,"_monsterinsights_sitenote_note":"","_monsterinsights_sitenote_category":0,"_uf_show_specific_survey":0,"_uf_disable_surveys":false,"footnotes":""},"categories":[32,1913],"tags":[],"class_list":["post-37387","post","type-post","status-publish","format-standard","has-post-thumbnail","hentry","category-actualidad","category-porvinciales"],"aioseo_notices":[],"_links":{"self":[{"href":"https:\/\/revistabife.com\/index.php\/wp-json\/wp\/v2\/posts\/37387"}],"collection":[{"href":"https:\/\/revistabife.com\/index.php\/wp-json\/wp\/v2\/posts"}],"about":[{"href":"https:\/\/revistabife.com\/index.php\/wp-json\/wp\/v2\/types\/post"}],"author":[{"embeddable":true,"href":"https:\/\/revistabife.com\/index.php\/wp-json\/wp\/v2\/users\/1"}],"replies":[{"embeddable":true,"href":"https:\/\/revistabife.com\/index.php\/wp-json\/wp\/v2\/comments?post=37387"}],"version-history":[{"count":1,"href":"https:\/\/revistabife.com\/index.php\/wp-json\/wp\/v2\/posts\/37387\/revisions"}],"predecessor-version":[{"id":37389,"href":"https:\/\/revistabife.com\/index.php\/wp-json\/wp\/v2\/posts\/37387\/revisions\/37389"}],"wp:featuredmedia":[{"embeddable":true,"href":"https:\/\/revistabife.com\/index.php\/wp-json\/wp\/v2\/media\/37388"}],"wp:attachment":[{"href":"https:\/\/revistabife.com\/index.php\/wp-json\/wp\/v2\/media?parent=37387"}],"wp:term":[{"taxonomy":"category","embeddable":true,"href":"https:\/\/revistabife.com\/index.php\/wp-json\/wp\/v2\/categories?post=37387"},{"taxonomy":"post_tag","embeddable":true,"href":"https:\/\/revistabife.com\/index.php\/wp-json\/wp\/v2\/tags?post=37387"}],"curies":[{"name":"wp","href":"https:\/\/api.w.org\/{rel}","templated":true}]}}