{"id":37380,"date":"2025-04-03T20:16:36","date_gmt":"2025-04-03T23:16:36","guid":{"rendered":"https:\/\/revistabife.com\/?p=37380"},"modified":"2025-04-03T20:16:37","modified_gmt":"2025-04-03T23:16:37","slug":"santa-rosa-a-bordo-de-un-auto-efectuo-dos-disparos-lo-allanaron-y-le-secuestraron-48-municiones-y-plantas-de-marihuana","status":"publish","type":"post","link":"https:\/\/revistabife.com\/index.php\/2025\/04\/03\/santa-rosa-a-bordo-de-un-auto-efectuo-dos-disparos-lo-allanaron-y-le-secuestraron-48-municiones-y-plantas-de-marihuana\/","title":{"rendered":"Santa Rosa: A bordo de un auto efectu\u00f3 dos disparos; lo allanaron y le secuestraron 48 municiones y plantas de marihuana"},"content":{"rendered":"\n<p>En la tarde del mi\u00e9rcoles, alrededor de las 13:45, un hombre de 40 a\u00f1os denunci\u00f3 haber sido v\u00edctima de una amenaza con arma de fuego en su domicilio de la calle Mario Sape al 1600.<\/p>\n\n\n\n<p>BIFE pudo saber a trav\u00e9s del relat\u00f3 de la v\u00edctima en sede policial, que un individuo con quien mantiene diferencias desde hace tiempo se present\u00f3 en el lugar a bordo de un Ford K y, tras un breve intercambio, efectu\u00f3 dos disparos contra la vivienda.<\/p>\n\n\n\n<p>&#8220;Los proyectiles no impactaron a ninguna persona, pero s\u00ed en el tapial de la vereda, donde posteriormente se hall\u00f3 un plomo&#8221;, cont\u00f3 a BIFE una fuente policial de la Seccional Segunda.<\/p>\n\n\n\n<p>A ra\u00edz del hecho, en la ma\u00f1ana de este jueves, se realiz\u00f3 un allanamiento en la calle Gobernador Duval al 900, domicilio del presunto agresor, un hombre de 42 a\u00f1os con antecedentes penales.<\/p>\n\n\n\n<p>Durante el procedimiento se secuestr\u00f3 una caja con 48 municiones calibre 22 y se inspeccion\u00f3 el veh\u00edculo involucrado en el ataque.<\/p>\n\n\n\n<p>Adem\u00e1s, se encontraron varias plantas de cannabis.<\/p>\n\n\n\n<p>El sospechoso fue detenido y trasladado a la comisar\u00eda, donde qued\u00f3 a disposici\u00f3n de la justicia. Se espera que en las pr\u00f3ximas horas sea formalizado por amenazas con arma de fuego.<\/p>\n\n\n\n<p>BIFE pudo constatar, en relaci\u00f3n a las plantas, que no se trata de un cogollero, sino de un cultivador.<\/p>\n","protected":false},"excerpt":{"rendered":"<p>En la tarde del mi\u00e9rcoles, alrededor de las 13:45, un hombre de 40 a\u00f1os denunci\u00f3<\/p>\n","protected":false},"author":1,"featured_media":37381,"comment_status":"closed","ping_status":"open","sticky":false,"template":"","format":"standard","meta":{"om_disable_all_campaigns":false,"_monsterinsights_skip_tracking":false,"_monsterinsights_sitenote_active":false,"_monsterinsights_sitenote_note":"","_monsterinsights_sitenote_category":0,"_uf_show_specific_survey":0,"_uf_disable_surveys":false,"footnotes":""},"categories":[32,1913],"tags":[],"class_list":["post-37380","post","type-post","status-publish","format-standard","has-post-thumbnail","hentry","category-actualidad","category-porvinciales"],"aioseo_notices":[],"_links":{"self":[{"href":"https:\/\/revistabife.com\/index.php\/wp-json\/wp\/v2\/posts\/37380"}],"collection":[{"href":"https:\/\/revistabife.com\/index.php\/wp-json\/wp\/v2\/posts"}],"about":[{"href":"https:\/\/revistabife.com\/index.php\/wp-json\/wp\/v2\/types\/post"}],"author":[{"embeddable":true,"href":"https:\/\/revistabife.com\/index.php\/wp-json\/wp\/v2\/users\/1"}],"replies":[{"embeddable":true,"href":"https:\/\/revistabife.com\/index.php\/wp-json\/wp\/v2\/comments?post=37380"}],"version-history":[{"count":1,"href":"https:\/\/revistabife.com\/index.php\/wp-json\/wp\/v2\/posts\/37380\/revisions"}],"predecessor-version":[{"id":37382,"href":"https:\/\/revistabife.com\/index.php\/wp-json\/wp\/v2\/posts\/37380\/revisions\/37382"}],"wp:featuredmedia":[{"embeddable":true,"href":"https:\/\/revistabife.com\/index.php\/wp-json\/wp\/v2\/media\/37381"}],"wp:attachment":[{"href":"https:\/\/revistabife.com\/index.php\/wp-json\/wp\/v2\/media?parent=37380"}],"wp:term":[{"taxonomy":"category","embeddable":true,"href":"https:\/\/revistabife.com\/index.php\/wp-json\/wp\/v2\/categories?post=37380"},{"taxonomy":"post_tag","embeddable":true,"href":"https:\/\/revistabife.com\/index.php\/wp-json\/wp\/v2\/tags?post=37380"}],"curies":[{"name":"wp","href":"https:\/\/api.w.org\/{rel}","templated":true}]}}