{"id":37377,"date":"2025-04-03T15:22:33","date_gmt":"2025-04-03T18:22:33","guid":{"rendered":"https:\/\/revistabife.com\/?p=37377"},"modified":"2025-04-03T15:22:34","modified_gmt":"2025-04-03T18:22:34","slug":"tragedia-en-toay-murio-un-joven-de-20-anos-al-dispararse-con-con-revolver-investigan-si-fue-de-manera-accidental","status":"publish","type":"post","link":"https:\/\/revistabife.com\/index.php\/2025\/04\/03\/tragedia-en-toay-murio-un-joven-de-20-anos-al-dispararse-con-con-revolver-investigan-si-fue-de-manera-accidental\/","title":{"rendered":"Tragedia en Toay: Muri\u00f3 un joven de 20 a\u00f1os al dispararse con con revolver; investigan si fue de manera accidental"},"content":{"rendered":"\n<p>Un tr\u00e1gico episodio ocurri\u00f3 en la tarde del martes en el Pasaje Villarino, en inmediaciones de una estaci\u00f3n de servicio YPF.<\/p>\n\n\n\n<p>BIFE pudo saber a trav\u00e9s de fuentes oficiales, que un joven de 20 a\u00f1os muri\u00f3 tras efectuarse un disparo mientras manipulaba un rev\u00f3lver.<\/p>\n\n\n\n<p>El hecho fue reportado a las 19:46, momento en que efectivos policiales llegaron al lugar y constataron el fallecimiento de la v\u00edctima.<\/p>\n\n\n\n<p>Minutos despu\u00e9s, se hicieron presentes el fiscal de turno, Dr. Marcos Sacco, la m\u00e9dica forense Romina Meneguzzi y personal de la Agencia de Investigaci\u00f3n Criminal (AIC), quienes realizaron las primeras pericias para determinar las circunstancias del suceso.<\/p>\n\n\n\n<p>La investigaci\u00f3n sigue en curso para esclarecer lo ocurrido.<\/p>\n","protected":false},"excerpt":{"rendered":"<p>Un tr\u00e1gico episodio ocurri\u00f3 en la tarde del martes en el Pasaje Villarino, en inmediaciones<\/p>\n","protected":false},"author":1,"featured_media":37031,"comment_status":"closed","ping_status":"open","sticky":false,"template":"","format":"standard","meta":{"om_disable_all_campaigns":false,"_monsterinsights_skip_tracking":false,"_monsterinsights_sitenote_active":false,"_monsterinsights_sitenote_note":"","_monsterinsights_sitenote_category":0,"_uf_show_specific_survey":0,"_uf_disable_surveys":false,"footnotes":""},"categories":[32,1913],"tags":[],"class_list":["post-37377","post","type-post","status-publish","format-standard","has-post-thumbnail","hentry","category-actualidad","category-porvinciales"],"aioseo_notices":[],"_links":{"self":[{"href":"https:\/\/revistabife.com\/index.php\/wp-json\/wp\/v2\/posts\/37377"}],"collection":[{"href":"https:\/\/revistabife.com\/index.php\/wp-json\/wp\/v2\/posts"}],"about":[{"href":"https:\/\/revistabife.com\/index.php\/wp-json\/wp\/v2\/types\/post"}],"author":[{"embeddable":true,"href":"https:\/\/revistabife.com\/index.php\/wp-json\/wp\/v2\/users\/1"}],"replies":[{"embeddable":true,"href":"https:\/\/revistabife.com\/index.php\/wp-json\/wp\/v2\/comments?post=37377"}],"version-history":[{"count":2,"href":"https:\/\/revistabife.com\/index.php\/wp-json\/wp\/v2\/posts\/37377\/revisions"}],"predecessor-version":[{"id":37379,"href":"https:\/\/revistabife.com\/index.php\/wp-json\/wp\/v2\/posts\/37377\/revisions\/37379"}],"wp:featuredmedia":[{"embeddable":true,"href":"https:\/\/revistabife.com\/index.php\/wp-json\/wp\/v2\/media\/37031"}],"wp:attachment":[{"href":"https:\/\/revistabife.com\/index.php\/wp-json\/wp\/v2\/media?parent=37377"}],"wp:term":[{"taxonomy":"category","embeddable":true,"href":"https:\/\/revistabife.com\/index.php\/wp-json\/wp\/v2\/categories?post=37377"},{"taxonomy":"post_tag","embeddable":true,"href":"https:\/\/revistabife.com\/index.php\/wp-json\/wp\/v2\/tags?post=37377"}],"curies":[{"name":"wp","href":"https:\/\/api.w.org\/{rel}","templated":true}]}}