{"id":37373,"date":"2025-04-03T10:37:27","date_gmt":"2025-04-03T13:37:27","guid":{"rendered":"https:\/\/revistabife.com\/?p=37373"},"modified":"2025-04-03T10:37:28","modified_gmt":"2025-04-03T13:37:28","slug":"cardenal-amarillo-liberaron-ejemplares-en-la-reserva-provincial-parque-luro","status":"publish","type":"post","link":"https:\/\/revistabife.com\/index.php\/2025\/04\/03\/cardenal-amarillo-liberaron-ejemplares-en-la-reserva-provincial-parque-luro\/","title":{"rendered":"Cardenal amarillo: Liberaron ejemplares en la Reserva Provincial Parque Luro"},"content":{"rendered":"\n<p>La Secretar\u00eda de Ambiente y Cambio Clim\u00e1tico contin\u00faa articulando con Ecoparque de la Ciudad de Buenos Aires la liberaci\u00f3n de ejemplares de fauna nativa. &nbsp;<\/p>\n\n\n\n<p>En esta oportunidad, se liber\u00f3 un cardenal amarillo (Gubernatrix cristata) de aproximadamente cinco a\u00f1os. La liberaci\u00f3n se llev\u00f3 a cabo luego de que el ave pasara por un proceso de chequeo y readaptaci\u00f3n en el Ecoparque de la Ciudad de Buenos Aires, donde se encargaron del proceso de rehabilitaci\u00f3n, y se encuentra libre de signos de enfermedades infecto-contagiosas y en \u00f3ptimas condiciones f\u00edsicas para su regreso al h\u00e1bitat natural luego de haber estado en cautiverio.<\/p>\n\n\n\n<p>En su liberaci\u00f3n, particip\u00f3 Mart\u00edn Zunino, director de Conservaci\u00f3n de la Biodiversidad y \u00c1reas Protegidas; Flavio Herbsomer y Javier Vercovi guardaparques de la reserva Parque Luro, Borja Baguette Pereiro y Rodrigo Carrera ambos pertenecientes al equipo t\u00e9cnico de la Reserva Ecoparque de la Ciudad de Buenos Aires.<\/p>\n\n\n\n<p>Este hecho no solo resalta la importancia de la conservaci\u00f3n de la biodiversidad, sino que tambi\u00e9n pone de manifiesto el compromiso de la comunidad en la protecci\u00f3n de la fauna nativa.<\/p>\n","protected":false},"excerpt":{"rendered":"<p>La Secretar\u00eda de Ambiente y Cambio Clim\u00e1tico contin\u00faa articulando con Ecoparque de la Ciudad de<\/p>\n","protected":false},"author":1,"featured_media":37374,"comment_status":"closed","ping_status":"open","sticky":false,"template":"","format":"standard","meta":{"om_disable_all_campaigns":false,"_monsterinsights_skip_tracking":false,"_monsterinsights_sitenote_active":false,"_monsterinsights_sitenote_note":"","_monsterinsights_sitenote_category":0,"_uf_show_specific_survey":0,"_uf_disable_surveys":false,"footnotes":""},"categories":[32,1913],"tags":[],"class_list":["post-37373","post","type-post","status-publish","format-standard","has-post-thumbnail","hentry","category-actualidad","category-porvinciales"],"aioseo_notices":[],"_links":{"self":[{"href":"https:\/\/revistabife.com\/index.php\/wp-json\/wp\/v2\/posts\/37373"}],"collection":[{"href":"https:\/\/revistabife.com\/index.php\/wp-json\/wp\/v2\/posts"}],"about":[{"href":"https:\/\/revistabife.com\/index.php\/wp-json\/wp\/v2\/types\/post"}],"author":[{"embeddable":true,"href":"https:\/\/revistabife.com\/index.php\/wp-json\/wp\/v2\/users\/1"}],"replies":[{"embeddable":true,"href":"https:\/\/revistabife.com\/index.php\/wp-json\/wp\/v2\/comments?post=37373"}],"version-history":[{"count":1,"href":"https:\/\/revistabife.com\/index.php\/wp-json\/wp\/v2\/posts\/37373\/revisions"}],"predecessor-version":[{"id":37375,"href":"https:\/\/revistabife.com\/index.php\/wp-json\/wp\/v2\/posts\/37373\/revisions\/37375"}],"wp:featuredmedia":[{"embeddable":true,"href":"https:\/\/revistabife.com\/index.php\/wp-json\/wp\/v2\/media\/37374"}],"wp:attachment":[{"href":"https:\/\/revistabife.com\/index.php\/wp-json\/wp\/v2\/media?parent=37373"}],"wp:term":[{"taxonomy":"category","embeddable":true,"href":"https:\/\/revistabife.com\/index.php\/wp-json\/wp\/v2\/categories?post=37373"},{"taxonomy":"post_tag","embeddable":true,"href":"https:\/\/revistabife.com\/index.php\/wp-json\/wp\/v2\/tags?post=37373"}],"curies":[{"name":"wp","href":"https:\/\/api.w.org\/{rel}","templated":true}]}}