{"id":37370,"date":"2025-04-03T10:31:43","date_gmt":"2025-04-03T13:31:43","guid":{"rendered":"https:\/\/revistabife.com\/?p=37370"},"modified":"2025-04-03T10:31:48","modified_gmt":"2025-04-03T13:31:48","slug":"murio-un-hombre-de-35-anos-en-una-fiesta-electronica","status":"publish","type":"post","link":"https:\/\/revistabife.com\/index.php\/2025\/04\/03\/murio-un-hombre-de-35-anos-en-una-fiesta-electronica\/","title":{"rendered":"Muri\u00f3 un hombre de 35 a\u00f1os en una fiesta electr\u00f3nica"},"content":{"rendered":"\n<p>El hallazgo del cuerpo ocurri\u00f3 con las primeras luces del d\u00eda, cuando a\u00fan permanec\u00edan en la pista de baile varias personas que hab\u00edan asistido al evento de Sasha &amp; John Digweed.<\/p>\n\n\n\n<p>La v\u00edctima, que no presentaba signos visibles de violencia, fue descubierta en ese sector, y de inmediato se dio aviso a emergencias.<\/p>\n\n\n\n<p>De acuerdo con el parte policial, el personal m\u00e9dico acudi\u00f3 al lugar y traslad\u00f3 el cuerpo fuera de la pista, donde intentaron maniobras de reanimaci\u00f3n sin \u00e9xito.<\/p>\n\n\n\n<p>La investigaci\u00f3n qued\u00f3 en manos de la Fiscal\u00eda Criminal y Correccional N\u00b0 41, que orden\u00f3 una serie de declaraciones para esclarecer lo sucedido durante la fiesta.<\/p>\n\n\n\n<p>Entre los testimonios previstos figuran los del personal m\u00e9dico, efectivos policiales y organizadores del evento.<\/p>\n","protected":false},"excerpt":{"rendered":"<p>El hallazgo del cuerpo ocurri\u00f3 con las primeras luces del d\u00eda, cuando a\u00fan permanec\u00edan en<\/p>\n","protected":false},"author":1,"featured_media":37371,"comment_status":"closed","ping_status":"open","sticky":false,"template":"","format":"standard","meta":{"om_disable_all_campaigns":false,"_monsterinsights_skip_tracking":false,"_monsterinsights_sitenote_active":false,"_monsterinsights_sitenote_note":"","_monsterinsights_sitenote_category":0,"_uf_show_specific_survey":0,"_uf_disable_surveys":false,"footnotes":""},"categories":[32,1868],"tags":[],"class_list":["post-37370","post","type-post","status-publish","format-standard","has-post-thumbnail","hentry","category-actualidad","category-nacionales-2"],"aioseo_notices":[],"_links":{"self":[{"href":"https:\/\/revistabife.com\/index.php\/wp-json\/wp\/v2\/posts\/37370"}],"collection":[{"href":"https:\/\/revistabife.com\/index.php\/wp-json\/wp\/v2\/posts"}],"about":[{"href":"https:\/\/revistabife.com\/index.php\/wp-json\/wp\/v2\/types\/post"}],"author":[{"embeddable":true,"href":"https:\/\/revistabife.com\/index.php\/wp-json\/wp\/v2\/users\/1"}],"replies":[{"embeddable":true,"href":"https:\/\/revistabife.com\/index.php\/wp-json\/wp\/v2\/comments?post=37370"}],"version-history":[{"count":1,"href":"https:\/\/revistabife.com\/index.php\/wp-json\/wp\/v2\/posts\/37370\/revisions"}],"predecessor-version":[{"id":37372,"href":"https:\/\/revistabife.com\/index.php\/wp-json\/wp\/v2\/posts\/37370\/revisions\/37372"}],"wp:featuredmedia":[{"embeddable":true,"href":"https:\/\/revistabife.com\/index.php\/wp-json\/wp\/v2\/media\/37371"}],"wp:attachment":[{"href":"https:\/\/revistabife.com\/index.php\/wp-json\/wp\/v2\/media?parent=37370"}],"wp:term":[{"taxonomy":"category","embeddable":true,"href":"https:\/\/revistabife.com\/index.php\/wp-json\/wp\/v2\/categories?post=37370"},{"taxonomy":"post_tag","embeddable":true,"href":"https:\/\/revistabife.com\/index.php\/wp-json\/wp\/v2\/tags?post=37370"}],"curies":[{"name":"wp","href":"https:\/\/api.w.org\/{rel}","templated":true}]}}