{"id":37341,"date":"2025-03-30T12:25:51","date_gmt":"2025-03-30T15:25:51","guid":{"rendered":"https:\/\/revistabife.com\/?p=37341"},"modified":"2025-03-30T12:26:36","modified_gmt":"2025-03-30T15:26:36","slug":"identificaron-a-los-agresores-de-la-brutal-golpiza-a-un-joven-de-20-a-la-salida-de-harrrison","status":"publish","type":"post","link":"https:\/\/revistabife.com\/index.php\/2025\/03\/30\/identificaron-a-los-agresores-de-la-brutal-golpiza-a-un-joven-de-20-a-la-salida-de-harrrison\/","title":{"rendered":"Identificaron a los agresores de la brutal golpiza a un joven de 20 a la salida de Harrrison"},"content":{"rendered":"\n<p>Finalmente se pudo identificar a los agresores que le propinaron una brutal golpiza a un joven de 20 a\u00f1os a la salida del bar ubicado en avenida Luro.<\/p>\n\n\n\n<p>BIFE pudo corroborar a trav\u00e9s de fuentes policiales, que se trata de dos menores de edad de 13 y 17 y de un joven de 23 a\u00f1os en situaci\u00f3n de calle, que sin motivo alguno se sum\u00f3 a la golpiza.<\/p>\n\n\n\n<p>&#8220;El regisro de c\u00e1maras de seguridad fueron fundamentales para dar con los autores de la agresi\u00f3n&#8221;, coment\u00f3 a BIFE una fuente policial de la Seccional Primera.<\/p>\n\n\n\n<p>A su vez, seg\u00fan pudo saber BIFE, el conflicto que deriv\u00f3 en la golpiza se inici\u00f3 cuando los dos menores cruzaron en la v\u00eda p\u00fablica y comenzaron a manifestarle comentarios inapropiados a la hermana de la v\u00edctima.<\/p>\n\n\n\n<p>Este medio, en la noche del s\u00e1bado, public\u00f3 un dato extra que forma parte de la causa. En las \u00faltimas horas se confirm\u00f3 que el joven de 20 a\u00f1os fue golpeado con un trozo de madera que fue dejado en el lugar por los dos menores y el mayor que participaron en el hecho. El elemento, secuestrado por la Polic\u00eda, contiene manchas de sangre.<\/p>\n\n\n\n<p>En tanto, en la aprehensi\u00f3n de los adolescentes de 13 y 17 actu\u00f3 la Unidad Funcional de G\u00e9nero y Ni\u00f1ez, y ya fueron entregados a sus tutores. El mayor qued\u00f3 detenido.<\/p>\n\n\n\n<p>La el joven agredido evoluciona favorablemente en el Hospital Favaloro, y se encuentra fuera de peligro.<\/p>\n","protected":false},"excerpt":{"rendered":"<p>Finalmente se pudo identificar a los agresores que le propinaron una brutal golpiza a un<\/p>\n","protected":false},"author":1,"featured_media":37342,"comment_status":"closed","ping_status":"open","sticky":false,"template":"","format":"standard","meta":{"om_disable_all_campaigns":false,"_monsterinsights_skip_tracking":false,"_monsterinsights_sitenote_active":false,"_monsterinsights_sitenote_note":"","_monsterinsights_sitenote_category":0,"_uf_show_specific_survey":0,"_uf_disable_surveys":false,"footnotes":""},"categories":[32,1913],"tags":[],"class_list":["post-37341","post","type-post","status-publish","format-standard","has-post-thumbnail","hentry","category-actualidad","category-porvinciales"],"aioseo_notices":[],"_links":{"self":[{"href":"https:\/\/revistabife.com\/index.php\/wp-json\/wp\/v2\/posts\/37341"}],"collection":[{"href":"https:\/\/revistabife.com\/index.php\/wp-json\/wp\/v2\/posts"}],"about":[{"href":"https:\/\/revistabife.com\/index.php\/wp-json\/wp\/v2\/types\/post"}],"author":[{"embeddable":true,"href":"https:\/\/revistabife.com\/index.php\/wp-json\/wp\/v2\/users\/1"}],"replies":[{"embeddable":true,"href":"https:\/\/revistabife.com\/index.php\/wp-json\/wp\/v2\/comments?post=37341"}],"version-history":[{"count":1,"href":"https:\/\/revistabife.com\/index.php\/wp-json\/wp\/v2\/posts\/37341\/revisions"}],"predecessor-version":[{"id":37343,"href":"https:\/\/revistabife.com\/index.php\/wp-json\/wp\/v2\/posts\/37341\/revisions\/37343"}],"wp:featuredmedia":[{"embeddable":true,"href":"https:\/\/revistabife.com\/index.php\/wp-json\/wp\/v2\/media\/37342"}],"wp:attachment":[{"href":"https:\/\/revistabife.com\/index.php\/wp-json\/wp\/v2\/media?parent=37341"}],"wp:term":[{"taxonomy":"category","embeddable":true,"href":"https:\/\/revistabife.com\/index.php\/wp-json\/wp\/v2\/categories?post=37341"},{"taxonomy":"post_tag","embeddable":true,"href":"https:\/\/revistabife.com\/index.php\/wp-json\/wp\/v2\/tags?post=37341"}],"curies":[{"name":"wp","href":"https:\/\/api.w.org\/{rel}","templated":true}]}}