{"id":37269,"date":"2025-03-26T10:03:31","date_gmt":"2025-03-26T13:03:31","guid":{"rendered":"https:\/\/revistabife.com\/?p=37269"},"modified":"2025-03-26T10:03:32","modified_gmt":"2025-03-26T13:03:32","slug":"cupo-femenino-en-la-construccion-avanza-proyecto-que-establece-contratar-el-10-de-mujeres-en-las-obras-publicas","status":"publish","type":"post","link":"https:\/\/revistabife.com\/index.php\/2025\/03\/26\/cupo-femenino-en-la-construccion-avanza-proyecto-que-establece-contratar-el-10-de-mujeres-en-las-obras-publicas\/","title":{"rendered":"Cupo femenino en la construcci\u00f3n: avanza proyecto que establece contratar el 10% de mujeres en las obras p\u00fablicas"},"content":{"rendered":"\n<p class=\"has-medium-font-size\">El proyecto de Ley, presentado por la diputada Liliana Robledo, por el que se establece el 10% de la contrataci\u00f3n de mujeres en la obra p\u00fablica, avanz\u00f3 ayer en comisiones de la Legislatura provincial. Obtuvo el visto bueno de la mayor\u00eda.<\/p>\n\n\n\n<p class=\"has-medium-font-size\">\u201cSe busca la inserci\u00f3n de mujeres en el \u00e1mbito laboral de la construcci\u00f3n, que siempre ha estado cerrada para las mujeres, pero por una cuesti\u00f3n m\u00e1s de impedimento y de construcci\u00f3n machista del \u00e1mbito y no porque justamente se le niegue el ingreso\u201d, dijo la legisladora.<\/p>\n\n\n\n<p class=\"has-medium-font-size\">El proyecto establece que, por cada diez trabajadores, al menos una deber\u00e1 ser mujer. \u201cEs simb\u00f3lico, pero adem\u00e1s de ser simb\u00f3lico, es sumamente interesante que las mujeres puedan insertarse en un \u00e1mbito que est\u00e1 totalmente masculinizado\u201d, destac\u00f3 la legisladora.<\/p>\n\n\n\n<p class=\"has-medium-font-size\">Robledo subray\u00f3 que existen numerosas mujeres capacitadas para desempe\u00f1arse en el sector y que, sin embargo, enfrentan obst\u00e1culos adicionales a la hora de acceder a un empleo en la construcci\u00f3n. \u201cPara ingresar a una mujer a una obra de construcci\u00f3n, le piden el antecedente de su formaci\u00f3n, y a los varones no\u201d, se\u00f1al\u00f3.<\/p>\n\n\n\n<p class=\"has-medium-font-size\">Adem\u00e1s, destac\u00f3 el crecimiento de la participaci\u00f3n femenina en la formaci\u00f3n t\u00e9cnica y profesional. \u201cAntes eran una o dos mujeres en las escuelas t\u00e9cnicas con formaci\u00f3n tanto en electromec\u00e1nica como en construcci\u00f3n. Hoy la inserci\u00f3n de mujeres en estos \u00e1mbitos ha aumentado de manera sumamente positiva\u201d, sostuvo.<\/p>\n\n\n\n<p class=\"has-medium-font-size\">Por \u00faltimo, Robledo vincul\u00f3 la iniciativa con la necesidad de generar oportunidades laborales en un contexto adverso para las mujeres. \u201cHoy las mujeres estamos siendo nuevamente el factor mayoritario en los despidos. Esto tiene que ver tambi\u00e9n con las tareas de cuidado, que muchas veces nos impiden avanzar en nuestra formaci\u00f3n y en el desarrollo de nuestro trabajo\u201d, afirm\u00f3.<\/p>\n","protected":false},"excerpt":{"rendered":"<p>El proyecto de Ley, presentado por la diputada Liliana Robledo, por el que se establece<\/p>\n","protected":false},"author":1,"featured_media":37270,"comment_status":"closed","ping_status":"open","sticky":false,"template":"","format":"standard","meta":{"om_disable_all_campaigns":false,"_monsterinsights_skip_tracking":false,"_monsterinsights_sitenote_active":false,"_monsterinsights_sitenote_note":"","_monsterinsights_sitenote_category":0,"_uf_show_specific_survey":0,"_uf_disable_surveys":false,"footnotes":""},"categories":[32,1913],"tags":[],"class_list":["post-37269","post","type-post","status-publish","format-standard","has-post-thumbnail","hentry","category-actualidad","category-porvinciales"],"aioseo_notices":[],"_links":{"self":[{"href":"https:\/\/revistabife.com\/index.php\/wp-json\/wp\/v2\/posts\/37269"}],"collection":[{"href":"https:\/\/revistabife.com\/index.php\/wp-json\/wp\/v2\/posts"}],"about":[{"href":"https:\/\/revistabife.com\/index.php\/wp-json\/wp\/v2\/types\/post"}],"author":[{"embeddable":true,"href":"https:\/\/revistabife.com\/index.php\/wp-json\/wp\/v2\/users\/1"}],"replies":[{"embeddable":true,"href":"https:\/\/revistabife.com\/index.php\/wp-json\/wp\/v2\/comments?post=37269"}],"version-history":[{"count":1,"href":"https:\/\/revistabife.com\/index.php\/wp-json\/wp\/v2\/posts\/37269\/revisions"}],"predecessor-version":[{"id":37271,"href":"https:\/\/revistabife.com\/index.php\/wp-json\/wp\/v2\/posts\/37269\/revisions\/37271"}],"wp:featuredmedia":[{"embeddable":true,"href":"https:\/\/revistabife.com\/index.php\/wp-json\/wp\/v2\/media\/37270"}],"wp:attachment":[{"href":"https:\/\/revistabife.com\/index.php\/wp-json\/wp\/v2\/media?parent=37269"}],"wp:term":[{"taxonomy":"category","embeddable":true,"href":"https:\/\/revistabife.com\/index.php\/wp-json\/wp\/v2\/categories?post=37269"},{"taxonomy":"post_tag","embeddable":true,"href":"https:\/\/revistabife.com\/index.php\/wp-json\/wp\/v2\/tags?post=37269"}],"curies":[{"name":"wp","href":"https:\/\/api.w.org\/{rel}","templated":true}]}}