{"id":37268,"date":"2025-03-26T17:04:46","date_gmt":"2025-03-26T20:04:46","guid":{"rendered":"https:\/\/revistabife.com\/?p=37268"},"modified":"2025-03-26T17:05:09","modified_gmt":"2025-03-26T20:05:09","slug":"la-pampa-condenaron-a-un-dj-a-16-anos-de-carcel-por-dos-abusos-sexuales","status":"publish","type":"post","link":"https:\/\/revistabife.com\/index.php\/2025\/03\/26\/la-pampa-condenaron-a-un-dj-a-16-anos-de-carcel-por-dos-abusos-sexuales\/","title":{"rendered":"La Pampa: Condenaron a un dj a 16 a\u00f1os de c\u00e1rcel por dos abusos sexuales"},"content":{"rendered":"\n<p>Un DJ y organizador de eventos fue condenado hoy a 15 a\u00f1os de prisi\u00f3n por abusar sexualmente de dos mujeres, una de ellas menor de edad.<\/p>\n\n\n\n<p>Un caso ocurri\u00f3 hace una d\u00e9cada y pudo dilucidarse ahora a partir de los perfiles gen\u00e9ticos que est\u00e1n cargados en la base de datos del Laboratorio de Gen\u00e9tica Forense.<\/p>\n\n\n\n<p>Con las pruebas reunidas durante el debate, el magistrado dio por probado que Maximiliano Ezequiel Cornejo, de 35 a\u00f1os, en septiembre de 2023, abus\u00f3 de una mujer \u2013&#8221;haciendo uso de la fuerza y contra la voluntad expresa&#8221; de la v\u00edctima\u2013 en el interior de un Volkswagen Bora. Tambi\u00e9n que el 12 de diciembre de 2015 abus\u00f3 de un adolescente de 15 a\u00f1os, a la salida de un boliche, mientras ella &#8220;se hallaba en estado de intoxicaci\u00f3n alcoh\u00f3lica&#8221;. En ambos casos el acusado se identific\u00f3 falsamente.<\/p>\n\n\n\n<p>El juez Oli\u00e9 encontr\u00f3 al imputado culpable de los delitos de abuso sexual llevado a cabo mediante el uso de la fuerza y el ejercicio de la violencia, con acceso carnal v\u00eda oral, gravemente ultrajante por las circunstancias de su realizaci\u00f3n; y abuso sexual con acceso carnal, aprovechando la condici\u00f3n de la v\u00edctima que le imped\u00eda consentir libremente la acci\u00f3n.<\/p>\n\n\n\n<p>El primer caso tiene una particularidad importante: en septiembre de 2015 la madre de la adolescente denunci\u00f3 la agresi\u00f3n sexual, pero en ese momento el Laboratorio de Gen\u00e9tica Forense a\u00fan no funcionaba (fue inaugurado en diciembre de ese a\u00f1o). Como la v\u00edctima no hab\u00eda podido identificar al agresor ni el auto, la causa fue archivada en 2017.<\/p>\n\n\n\n<p>En 2023, la segunda v\u00edctima formul\u00f3 la denuncia y cuando Cornejo fue detenido se le extrajo una muestra de material gen\u00e9tico; algo que se practica con todos los imputados. Como con el paso del tiempo el Laboratorio fue incorporando \u00b4perfiles gen\u00e9ticos a la base de datos, al cotejar el ADN de Cornejo &#8220;salt\u00f3&#8221; que hab\u00eda un perfil igual pero sin nombre. As\u00ed fue como la fiscal\u00eda pudo vincular al acusado con el abuso ocurrido hace diez a\u00f1os atr\u00e1s.<\/p>\n\n\n\n<p><\/p>\n","protected":false},"excerpt":{"rendered":"<p>Un DJ y organizador de eventos fue condenado hoy a 15 a\u00f1os de prisi\u00f3n por<\/p>\n","protected":false},"author":1,"featured_media":37289,"comment_status":"closed","ping_status":"open","sticky":false,"template":"","format":"standard","meta":{"om_disable_all_campaigns":false,"_monsterinsights_skip_tracking":false,"_monsterinsights_sitenote_active":false,"_monsterinsights_sitenote_note":"","_monsterinsights_sitenote_category":0,"_uf_show_specific_survey":0,"_uf_disable_surveys":false,"footnotes":""},"categories":[32,1913],"tags":[],"class_list":["post-37268","post","type-post","status-publish","format-standard","has-post-thumbnail","hentry","category-actualidad","category-porvinciales"],"aioseo_notices":[],"_links":{"self":[{"href":"https:\/\/revistabife.com\/index.php\/wp-json\/wp\/v2\/posts\/37268"}],"collection":[{"href":"https:\/\/revistabife.com\/index.php\/wp-json\/wp\/v2\/posts"}],"about":[{"href":"https:\/\/revistabife.com\/index.php\/wp-json\/wp\/v2\/types\/post"}],"author":[{"embeddable":true,"href":"https:\/\/revistabife.com\/index.php\/wp-json\/wp\/v2\/users\/1"}],"replies":[{"embeddable":true,"href":"https:\/\/revistabife.com\/index.php\/wp-json\/wp\/v2\/comments?post=37268"}],"version-history":[{"count":14,"href":"https:\/\/revistabife.com\/index.php\/wp-json\/wp\/v2\/posts\/37268\/revisions"}],"predecessor-version":[{"id":37290,"href":"https:\/\/revistabife.com\/index.php\/wp-json\/wp\/v2\/posts\/37268\/revisions\/37290"}],"wp:featuredmedia":[{"embeddable":true,"href":"https:\/\/revistabife.com\/index.php\/wp-json\/wp\/v2\/media\/37289"}],"wp:attachment":[{"href":"https:\/\/revistabife.com\/index.php\/wp-json\/wp\/v2\/media?parent=37268"}],"wp:term":[{"taxonomy":"category","embeddable":true,"href":"https:\/\/revistabife.com\/index.php\/wp-json\/wp\/v2\/categories?post=37268"},{"taxonomy":"post_tag","embeddable":true,"href":"https:\/\/revistabife.com\/index.php\/wp-json\/wp\/v2\/tags?post=37268"}],"curies":[{"name":"wp","href":"https:\/\/api.w.org\/{rel}","templated":true}]}}