{"id":37262,"date":"2025-03-25T19:34:51","date_gmt":"2025-03-25T22:34:51","guid":{"rendered":"https:\/\/revistabife.com\/?p=37262"},"modified":"2025-03-27T10:12:14","modified_gmt":"2025-03-27T13:12:14","slug":"ziliotto-en-el-dia-de-la-memoria-nunca-mas-al-olvido-y-a-la-injusticia","status":"publish","type":"post","link":"https:\/\/revistabife.com\/index.php\/2025\/03\/25\/ziliotto-en-el-dia-de-la-memoria-nunca-mas-al-olvido-y-a-la-injusticia\/","title":{"rendered":"Ziliotto en el D\u00eda de la Memoria: &#8220;Nunca M\u00e1s al olvido y a la injusticia&#8221;"},"content":{"rendered":"\n<p class=\"has-medium-font-size\">El Gobernador encabez\u00f3 esta ma\u00f1ana el acto por el D\u00eda de la Memoria por la Verdad y la Justicia en Tel\u00e9n y alert\u00f3 sobre los intentos de reescribir la historia. &nbsp;<\/p>\n\n\n\n<p class=\"has-medium-font-size\">El gobernador de La Pampa, Sergio Ziliotto, encabez\u00f3 este lunes el acto por el D\u00eda de la Memoria por la Verdad y la Justicia en Tel\u00e9n, al cumplirse 49 a\u00f1os del \u00faltimo Golpe de Estado. &#8220;Nunca m\u00e1s que nos hagan olvidar, que nos cercenen la b\u00fasqueda de la verdad y menos a\u00fan que nos impongan un Estado donde lo que no existe es la justicia&#8221;, asegur\u00f3.<br>Con motivo de la lluvia, la actividad se desarroll\u00f3 en sal\u00f3n de actos de la Municipalidad, y adem\u00e1s del Gobernador, participaron la intendenta anfitriona Susana Baz\u00e1n; el ministro de Gobierno y Asuntos Municipales, Pascual Fern\u00e1ndez; el ministro de Seguridad y Justicia, Horacio di N\u00e1poli; la subsecretaria de Derechos Humanos, Paula Grotto; integrantes del gabinete provincial y municipal, autoridades policiales. Estuvieron presentes las v\u00edctimas de la Dictadura, Nelson Nicoletti, Mabel Ochoa y Omar Alaggio, estudiantes y las banderas de ceremonia de la Escuela Primaria 9 y la EPET 8 de Tel\u00e9n. Se ley\u00f3 una carta que envi\u00f3 la v\u00edctima de la Dictadura y militante por los Derechos Humanos, Raquel Barabaschi.<\/p>\n\n\n\n<p class=\"has-medium-font-size\"><strong>&#8220;Nos quieren cambiar la historia&#8221;<\/strong><br>En su discurso, el gobernador Sergio Ziliotto advirti\u00f3 sobre los intentos de sectores de derecha de distorsionar la historia y minimizar las consecuencias del terrorismo de Estado. &#8220;Nuevamente la derecha y todos sus funcionales nos quieren cambiar la historia. Vuelven con esa descabellada teor\u00eda de los dos demonios, tratando de soslayar lo que signific\u00f3 la feroz represi\u00f3n del Estado&#8221;, afirm\u00f3.<br>El mandatario remarc\u00f3 la importancia de recordar y luchar todos los d\u00edas por los derechos, se\u00f1alando que &#8220;hoy vemos un Gobierno nacional que es un ap\u00e9ndice m\u00e1s de la lucha hist\u00f3rica de la derecha por restringir, cercenar y quitar derechos&#8221;. Advirti\u00f3 que el ajuste econ\u00f3mico promovido por el Gobierno nacional est\u00e1 acompa\u00f1ado de un &#8220;ajuste a los derechos y a la democracia y eso es lo que nos tiene que tener a nosotros d\u00eda a d\u00eda cada vez m\u00e1s atentos. Por eso tenemos que luchar d\u00eda a d\u00eda. Y m\u00e1s que nunca tenemos que repetir tantas veces como sea necesario Nunca M\u00e1s&#8221;, insisti\u00f3.<br>&#8220;Desde nuestra posici\u00f3n en la historia y desde nuestra convicci\u00f3n ideol\u00f3gica buscamos todos los d\u00edas c\u00f3mo, a partir de otorgar derechos, generamos mayor dignidad para que haya un desarrollo pleno&#8221;, sostuvo el gobernador, destacando la importancia de la educaci\u00f3n y la salud p\u00fablica, el acceso a la vivienda y la generaci\u00f3n de empleo.<br>En un mensaje contundente, Ziliotto reafirm\u00f3 la lucha por la memoria y la justicia y rechaz\u00f3 cualquier intento de olvido o relativizaci\u00f3n de los cr\u00edmenes de la dictadura.<br>&#8220;Nunca m\u00e1s que no nos hagan olvidar, que nos cercenen la b\u00fasqueda de la verdad y menos a\u00fan que nos impongan un Estado donde lo que no existe es la justicia&#8221;, concluy\u00f3. Cerr\u00f3 su discurso recordando: &#8220;Fueron 30.000, son 30.000 y seguir\u00e1n siendo 30.000 siempre&#8221;.<\/p>\n\n\n\n<p class=\"has-medium-font-size\"><strong>Nicoletti: &#8220;para que no vuelva a suceder&#8221;<\/strong><br>Nelson Nicoletti, v\u00edctima de la dictadura, brind\u00f3 un emotivo discurso. Record\u00f3 su historia de detenci\u00f3n y exilio, su paso por Tel\u00e9n y la solidaridad que recibi\u00f3 de la comunidad local. En sus palabras, destac\u00f3 la importancia de mantener viva la memoria y la lucha por la democracia: &#8220;Cada a\u00f1o que llega esta fecha me pregunto por qu\u00e9 sobreviv\u00ed a aquella tragedia, por qu\u00e9 sal\u00ed vivo de Rawson cuando miles murieron. Me corresponde colaborar a mantener viva la memoria de lo que pas\u00f3 para que no vuelva a suceder jam\u00e1s. Queremos democracia para siempre, en sus formas y en sus contenidos&#8221;.<br>Tambi\u00e9n hizo un llamado al presidente Javier Milei, inst\u00e1ndolo a &#8220;abandonar sus sue\u00f1os mesi\u00e1nicos&#8221; y dejar de &#8220;golpear a los abuelos y lastimar el tejido social&#8221;. Critic\u00f3 duramente el accionar del Gobierno nacional y denunci\u00f3 la permisividad de ciertos sectores judiciales y legislativos: &#8220;Vemos con tristeza y preocupaci\u00f3n un Gobierno nacional al l\u00edmite de la ilegalidad. Con jueces permisivos y algunos c\u00f3mplices, con legisladores con encendidos discursos en contra y votos incomprensiblemente a favor&#8221;.<br>En el cierre del acto, a pareja de baile de la Escuela Municipal, integrada por Agust\u00edn Peralta y Lisa Montenegro, bailaron la samba \u201cLa 7 de abril\u201d.<br>Para finalizar, el Gobernador se traslad\u00f3 a la plaza de la Memoria de Tel\u00e9n y junto a las v\u00edctimas de la dictadura plantaron un \u00e1rbol, para conmemorar a las personas detenidas y desaparecidas.<\/p>\n","protected":false},"excerpt":{"rendered":"<p>El Gobernador encabez\u00f3 esta ma\u00f1ana el acto por el D\u00eda de la Memoria por la<\/p>\n","protected":false},"author":1,"featured_media":37294,"comment_status":"closed","ping_status":"open","sticky":false,"template":"","format":"standard","meta":{"om_disable_all_campaigns":false,"_monsterinsights_skip_tracking":false,"_monsterinsights_sitenote_active":false,"_monsterinsights_sitenote_note":"","_monsterinsights_sitenote_category":0,"_uf_show_specific_survey":0,"_uf_disable_surveys":false,"footnotes":""},"categories":[32,1913],"tags":[],"class_list":["post-37262","post","type-post","status-publish","format-standard","has-post-thumbnail","hentry","category-actualidad","category-porvinciales"],"aioseo_notices":[],"_links":{"self":[{"href":"https:\/\/revistabife.com\/index.php\/wp-json\/wp\/v2\/posts\/37262"}],"collection":[{"href":"https:\/\/revistabife.com\/index.php\/wp-json\/wp\/v2\/posts"}],"about":[{"href":"https:\/\/revistabife.com\/index.php\/wp-json\/wp\/v2\/types\/post"}],"author":[{"embeddable":true,"href":"https:\/\/revistabife.com\/index.php\/wp-json\/wp\/v2\/users\/1"}],"replies":[{"embeddable":true,"href":"https:\/\/revistabife.com\/index.php\/wp-json\/wp\/v2\/comments?post=37262"}],"version-history":[{"count":1,"href":"https:\/\/revistabife.com\/index.php\/wp-json\/wp\/v2\/posts\/37262\/revisions"}],"predecessor-version":[{"id":37264,"href":"https:\/\/revistabife.com\/index.php\/wp-json\/wp\/v2\/posts\/37262\/revisions\/37264"}],"wp:featuredmedia":[{"embeddable":true,"href":"https:\/\/revistabife.com\/index.php\/wp-json\/wp\/v2\/media\/37294"}],"wp:attachment":[{"href":"https:\/\/revistabife.com\/index.php\/wp-json\/wp\/v2\/media?parent=37262"}],"wp:term":[{"taxonomy":"category","embeddable":true,"href":"https:\/\/revistabife.com\/index.php\/wp-json\/wp\/v2\/categories?post=37262"},{"taxonomy":"post_tag","embeddable":true,"href":"https:\/\/revistabife.com\/index.php\/wp-json\/wp\/v2\/tags?post=37262"}],"curies":[{"name":"wp","href":"https:\/\/api.w.org\/{rel}","templated":true}]}}