{"id":37259,"date":"2025-03-25T19:14:54","date_gmt":"2025-03-25T22:14:54","guid":{"rendered":"https:\/\/revistabife.com\/?p=37259"},"modified":"2025-03-25T19:14:55","modified_gmt":"2025-03-25T22:14:55","slug":"un-matrimonio-debe-14-millones-al-municipio-por-fotomultas-esta-loco-el-intendente-si-piensa-que-le-vamos-a-pagar","status":"publish","type":"post","link":"https:\/\/revistabife.com\/index.php\/2025\/03\/25\/un-matrimonio-debe-14-millones-al-municipio-por-fotomultas-esta-loco-el-intendente-si-piensa-que-le-vamos-a-pagar\/","title":{"rendered":"Un matrimonio debe $14 millones al municipio por fotomultas: \u201cest\u00e1 loco el intendente si piensa que le vamos a pagar\u201d"},"content":{"rendered":"\n<p class=\"has-medium-font-size\">\u201cLas fotomultas nos marcaron a 62, a 65 y a 70 km\/h\u201d, detall\u00f3 un vecino que vive con su pareja en las inmediaciones de la rotonda Bienvenido a Toay. \u201cMi se\u00f1ora estuvo revisando y descubri\u00f3 que tiene $5 millones en multas y yo $9 millones, yo no s\u00e9 si este intendente est\u00e1 loco si piensa que le vamos a pagar\u201d, dijo el hombre en FM Full 105.7 de Santa Rosa.<\/p>\n\n\n\n<p class=\"has-medium-font-size\">Los dispositivos de fotomultas y radares instalados pr\u00e1cticamente en todas las zonas m\u00e1s transitadas de la ciudad sigue generando pol\u00e9mica entre la comunidad por los altos valores de las multas, que tiene un piso de $360 mil y que se generan autom\u00e1ticamente cuando se superan los 60km\/h.<\/p>\n\n\n\n<p class=\"has-medium-font-size\">En los \u00faltimos d\u00edas, un usuario cont\u00f3 a este medio muy indignado que debe abonar $500 mil, y ahora se dio a conocer la noticia de este matrimonio, que expres\u00f3: \u201cEn julio se le vence el carnet de mi se\u00f1ora y entr\u00f3 a ver si ten\u00eda deudas y ah\u00ed nos saltan esta cantidad de multas. Nos aliviamos porque no fue en Brasil, pero empezamos a revisar y era una multa casi todos los d\u00edas&#8221;.<\/p>\n\n\n\n<p class=\"has-medium-font-size\">Adem\u00e1s, se\u00f1al\u00f3 que no recibi\u00f3 notificaci\u00f3n alguna de las multas le realizaron. \u201cLe llegaron al due\u00f1o del auto, no a m\u00ed, hay un descontrol terrible\u201d, dijo.<\/p>\n\n\n\n<p class=\"has-medium-font-size\">&#8220;Tengo una bronca con el intendente, me dan ganas de llorar, no s\u00e9 c\u00f3mo las vamos a pagar, tendr\u00eda que entregar el auto. No s\u00e9 qu\u00e9 hacer, si ir a patearle la puerta al intendente&#8230;\u201d, concluy\u00f3 en un mensaje en la radio.<\/p>\n\n\n\n<p class=\"has-medium-font-size\">En Santa Rosa hay 12 sem\u00e1foros con fotomultas a lo largo de la Circunvalaci\u00f3n, que se terminaron de colocar esta semana. Tambi\u00e9n hay en el cruce con la Autonomista, y en la Ameghino, M\u00e9xico, Allan Kardec, Gaich, Cavero, Liberato Rosas, Congreso, Palacios, Illia, Arriaga y Provincialista.<\/p>\n\n\n\n<p class=\"has-medium-font-size\">Adem\u00e1s, hay otras seis c\u00e1maras colocadas en las esquinas de Spinetto y Duval, Pilcomayo y Ra\u00fal B. D\u00edaz, Pilcomayo y Alemania, Luro y Padre Buodo, Luro y Argentino Valle, y Luro y S\u00e1enz Pe\u00f1a. A su vez, los radares se encuentran sobre la Per\u00f3n, en ambos sentidos.<\/p>\n","protected":false},"excerpt":{"rendered":"<p>\u201cLas fotomultas nos marcaron a 62, a 65 y a 70 km\/h\u201d, detall\u00f3 un vecino<\/p>\n","protected":false},"author":1,"featured_media":37260,"comment_status":"closed","ping_status":"open","sticky":false,"template":"","format":"standard","meta":{"om_disable_all_campaigns":false,"_monsterinsights_skip_tracking":false,"_monsterinsights_sitenote_active":false,"_monsterinsights_sitenote_note":"","_monsterinsights_sitenote_category":0,"_uf_show_specific_survey":0,"_uf_disable_surveys":false,"footnotes":""},"categories":[32,1913],"tags":[],"class_list":["post-37259","post","type-post","status-publish","format-standard","has-post-thumbnail","hentry","category-actualidad","category-porvinciales"],"aioseo_notices":[],"_links":{"self":[{"href":"https:\/\/revistabife.com\/index.php\/wp-json\/wp\/v2\/posts\/37259"}],"collection":[{"href":"https:\/\/revistabife.com\/index.php\/wp-json\/wp\/v2\/posts"}],"about":[{"href":"https:\/\/revistabife.com\/index.php\/wp-json\/wp\/v2\/types\/post"}],"author":[{"embeddable":true,"href":"https:\/\/revistabife.com\/index.php\/wp-json\/wp\/v2\/users\/1"}],"replies":[{"embeddable":true,"href":"https:\/\/revistabife.com\/index.php\/wp-json\/wp\/v2\/comments?post=37259"}],"version-history":[{"count":1,"href":"https:\/\/revistabife.com\/index.php\/wp-json\/wp\/v2\/posts\/37259\/revisions"}],"predecessor-version":[{"id":37261,"href":"https:\/\/revistabife.com\/index.php\/wp-json\/wp\/v2\/posts\/37259\/revisions\/37261"}],"wp:featuredmedia":[{"embeddable":true,"href":"https:\/\/revistabife.com\/index.php\/wp-json\/wp\/v2\/media\/37260"}],"wp:attachment":[{"href":"https:\/\/revistabife.com\/index.php\/wp-json\/wp\/v2\/media?parent=37259"}],"wp:term":[{"taxonomy":"category","embeddable":true,"href":"https:\/\/revistabife.com\/index.php\/wp-json\/wp\/v2\/categories?post=37259"},{"taxonomy":"post_tag","embeddable":true,"href":"https:\/\/revistabife.com\/index.php\/wp-json\/wp\/v2\/tags?post=37259"}],"curies":[{"name":"wp","href":"https:\/\/api.w.org\/{rel}","templated":true}]}}