{"id":37239,"date":"2025-03-22T15:16:01","date_gmt":"2025-03-22T18:16:01","guid":{"rendered":"https:\/\/revistabife.com\/?p=37239"},"modified":"2025-03-22T15:16:02","modified_gmt":"2025-03-22T18:16:02","slug":"tengo-que-pagar-500-lucas-me-arruinaron-suman-mas-radares-y-fotomultas-en-santa-rosa-y-muchos-usuarios-se-quejan","status":"publish","type":"post","link":"https:\/\/revistabife.com\/index.php\/2025\/03\/22\/tengo-que-pagar-500-lucas-me-arruinaron-suman-mas-radares-y-fotomultas-en-santa-rosa-y-muchos-usuarios-se-quejan\/","title":{"rendered":"\u201cTengo que pagar 500 lucas, me arruinaron\u201d: suman m\u00e1s radares y fotomultas en Santa Rosa y muchos usuarios se quejan"},"content":{"rendered":"\n<p><\/p>\n\n\n\n<h1 class=\"wp-block-heading has-medium-font-size\"><\/h1>\n\n\n\n<p class=\"has-medium-font-size\">Desde octubre del a\u00f1o pasado, comenz\u00f3 el control de tr\u00e1nsito en forma exhaustiva a trav\u00e9s de la colocaci\u00f3n de radares y fotomultas sobre la Avenida Per\u00f3n. Ahora, esta pol\u00edtica municipal se extendi\u00f3 a lo largo de la Circunvalaci\u00f3n, con la instalaci\u00f3n de nuevos dispositivos.<\/p>\n\n\n\n<p class=\"has-medium-font-size\">\u201cMe lleg\u00f3 una multa de 500 lucas por pasarme apenas de los 60 kil\u00f3metros por hora. Me arruinaron. Trabajo en un taller, llego con lo justo a fin de mes y ahora tengo que pedir prestado para pagar esta multa\u201d, cont\u00f3 un vecino en comunicaci\u00f3n con Bife.<\/p>\n\n\n\n<p class=\"has-medium-font-size\">Las quejas se multiplicaron este \u00faltimo tiempo por parte de los conductores. Solo en las primeras dos semanas de la reglamentaci\u00f3n de estas infracciones, se realizaron 4.000 fotomultas por exceso de velocidad en la Per\u00f3n. La multa tiene un piso de 360 mil pesos.<\/p>\n\n\n\n<p class=\"has-medium-font-size\">En Santa Rosa hay 12 sem\u00e1foros con fotomultas a lo largo de la Circunvalaci\u00f3n, que se terminaron de colocar esta semana. Tambi\u00e9n hay en el cruce con la Autonomista, y en la Ameghino, M\u00e9xico, Allan Kardec, Gaich, Cavero, Liberato Rosas, Congreso, Palacios, Illia, Arriaga y Provincialista.<\/p>\n\n\n\n<p class=\"has-medium-font-size\">Adem\u00e1s, hay otras seis c\u00e1maras colocadas en las esquinas de Spinetto y Duval, Pilcomayo y Ra\u00fal B. D\u00edaz, Pilcomayo y Alemania, Luro y Padre Buodo, Luro y Argentino Valle, y Luro y S\u00e1enz Pe\u00f1a.&nbsp;A su vez, los radares se encuentran sobre la Per\u00f3n, en ambos sentidos.<\/p>\n","protected":false},"excerpt":{"rendered":"<p>Desde octubre del a\u00f1o pasado, comenz\u00f3 el control de tr\u00e1nsito en forma exhaustiva a trav\u00e9s<\/p>\n","protected":false},"author":1,"featured_media":37240,"comment_status":"closed","ping_status":"open","sticky":false,"template":"","format":"standard","meta":{"om_disable_all_campaigns":false,"_monsterinsights_skip_tracking":false,"_monsterinsights_sitenote_active":false,"_monsterinsights_sitenote_note":"","_monsterinsights_sitenote_category":0,"_uf_show_specific_survey":0,"_uf_disable_surveys":false,"footnotes":""},"categories":[32,1913],"tags":[],"class_list":["post-37239","post","type-post","status-publish","format-standard","has-post-thumbnail","hentry","category-actualidad","category-porvinciales"],"aioseo_notices":[],"_links":{"self":[{"href":"https:\/\/revistabife.com\/index.php\/wp-json\/wp\/v2\/posts\/37239"}],"collection":[{"href":"https:\/\/revistabife.com\/index.php\/wp-json\/wp\/v2\/posts"}],"about":[{"href":"https:\/\/revistabife.com\/index.php\/wp-json\/wp\/v2\/types\/post"}],"author":[{"embeddable":true,"href":"https:\/\/revistabife.com\/index.php\/wp-json\/wp\/v2\/users\/1"}],"replies":[{"embeddable":true,"href":"https:\/\/revistabife.com\/index.php\/wp-json\/wp\/v2\/comments?post=37239"}],"version-history":[{"count":1,"href":"https:\/\/revistabife.com\/index.php\/wp-json\/wp\/v2\/posts\/37239\/revisions"}],"predecessor-version":[{"id":37241,"href":"https:\/\/revistabife.com\/index.php\/wp-json\/wp\/v2\/posts\/37239\/revisions\/37241"}],"wp:featuredmedia":[{"embeddable":true,"href":"https:\/\/revistabife.com\/index.php\/wp-json\/wp\/v2\/media\/37240"}],"wp:attachment":[{"href":"https:\/\/revistabife.com\/index.php\/wp-json\/wp\/v2\/media?parent=37239"}],"wp:term":[{"taxonomy":"category","embeddable":true,"href":"https:\/\/revistabife.com\/index.php\/wp-json\/wp\/v2\/categories?post=37239"},{"taxonomy":"post_tag","embeddable":true,"href":"https:\/\/revistabife.com\/index.php\/wp-json\/wp\/v2\/tags?post=37239"}],"curies":[{"name":"wp","href":"https:\/\/api.w.org\/{rel}","templated":true}]}}