{"id":37231,"date":"2025-03-21T15:13:33","date_gmt":"2025-03-21T18:13:33","guid":{"rendered":"https:\/\/revistabife.com\/?p=37231"},"modified":"2025-03-21T15:13:34","modified_gmt":"2025-03-21T18:13:34","slug":"ziliotto-promociono-la-pampa-ante-21-embajadores-de-la-union-europea","status":"publish","type":"post","link":"https:\/\/revistabife.com\/index.php\/2025\/03\/21\/ziliotto-promociono-la-pampa-ante-21-embajadores-de-la-union-europea\/","title":{"rendered":"Ziliotto promocion\u00f3 La Pampa ante 21 embajadores de la Uni\u00f3n Europea"},"content":{"rendered":"\n<p class=\"has-medium-font-size\">El gobernador de La Pampa, Sergio Ziliotto, desarroll\u00f3 este jueves una intensa agenda en la Ciudad de Buenos Aires con el objetivo de presentar a la Provincia como un destino estrat\u00e9gico para inversiones y promocionar nuestras exportaciones. En una jornada clave para la promoci\u00f3n econ\u00f3mica y productiva, el mandatario expuso las ventajas competitivas del territorio pampeano ante embajadores, diplom\u00e1ticos y empresarios.<\/p>\n\n\n\n<p class=\"has-medium-font-size\"><strong>Con embajadores de la Uni\u00f3n Europea<\/strong>Ziliotto estuvo en la Embajada de la Uni\u00f3n Europea en Argentina, donde mantuvo un encuentro de trabajo con su titular y los jefes de misi\u00f3n de pa\u00edses europeos, como Francia, Italia, Alemania y el Reino de los Pa\u00edses Bajos, entre otros.El embajador de la UE en Argentina, Amador S\u00e1nchez Rico, dio la bienvenida al Gobernador ya su equipo. Luego de una proyecci\u00f3n audiovisual sobre el potencial pampeano, Ziliotto detall\u00f3 los programas de financiaci\u00f3n, reducci\u00f3n de tasas, beneficios impositivos y subsidios al empleo privado que ofrece la Provincia para atraer inversiones productivas.Por su parte, el director ejecutivo de la Agencia I-Comex La Pampa, Sebasti\u00e1n Lastiri expuso sobre la oferta exportable pampeana y el acceso a cr\u00e9ditos con garant\u00edas y tasas subsidiadas a trav\u00e9s del Banco de La Pampa.Participaron las y los representantes de los siguientes pa\u00edses: Alemania, Austria, B\u00e9lgica, Bulgaria, Chequia, Chipre, Croacia, Eslovaquia, Eslovenia, Espa\u00f1a, Finlandia, Francia, Grecia, Hungr\u00eda, Irlanda, Italia, Reino de los Pa\u00edses Bajos, Polonia, Portugal y Rumania.<\/p>\n\n\n\n<p class=\"has-medium-font-size\"><strong>Ante empresarios y diplom\u00e1ticos en la OEI<\/strong>El Gobernador tambi\u00e9n mantuvo una reuni\u00f3n de trabajo en la sede de la Organizaci\u00f3n de Estados Iberoamericanos (OEI). All\u00ed, Ziliotto disert\u00f3 sobre &#8220;Estabilidad fiscal y modelos de inversi\u00f3n innovadores&#8221; en el marco del Instituto Iberoamericano para la Educaci\u00f3n y la Productividad (IIEYP) de la OEI.Del encuentro particip\u00f3 el director de la OEI Luis Scasso; el representante del Instituto Iberoamericano para la Educaci\u00f3n, Jos\u00e9 Urtubey; adem\u00e1s integrantes de distintos cuerpos diplom\u00e1ticos y empresarios.&nbsp;Durante el evento, se present\u00f3 un video institucional destacando el potencial de La Pampa y luego el Gobernador detall\u00f3 las herramientas que ofrece el Gobierno provincial para fomentar la inversi\u00f3n. Sebasti\u00e1n Lastiri complement\u00f3 la exposici\u00f3n con una presentaci\u00f3n sobre oportunidades de inversi\u00f3n.&nbsp;<\/p>\n\n\n\n<p class=\"has-medium-font-size\"><strong>Un modelo de desarrollo con incentivos<\/strong>Las presentaciones realizadas por Ziliotto se enmarcan en la estrategia provincial para fortalecer el entramado productivo, diversificar la oferta exportable y generar empleos de calidad. La Pampa cuenta con Zona Franca, parques industriales y marcos regulatorios din\u00e1micos que garantizan seguridad jur\u00eddica para los inversores.El objetivo del encuentro fue exponer las potencialidades de La Pampa en materia de inversiones y comercio exterior, fortaleciendo lazos entre el sector p\u00fablico y privado para impulsar nuevas oportunidades econ\u00f3micas.Pese a la ca\u00edda de precios internacionales las exportaciones pampeanas a la Uni\u00f3n Europea crecieron un 53%, representando el 16% del total provincial. La carne bovina, que conform\u00f3 el 99,82% de las exportaciones a ese bloque, se consolid\u00f3 como el principal producto de intercambio.Estos resultados evidencian el compromiso de la provincia de La Pampa en la gesti\u00f3n de pol\u00edticas p\u00fablicas a largo plazo en conjunto al sector privado, con el objetivo de fomentar las inversiones y fortalecer la competitividad del sector productivo pampeano. Un ejemplo de ello son las l\u00edneas de cr\u00e9dito a largo plazo con tasas subsidiadas otorgadas a trav\u00e9s del Banco de La Pampa, destinadas a financiar proyectos de inversi\u00f3n y potenciar frigor\u00edficos exportadores. Adem\u00e1s, el R\u00e9gimen de Incentivos Fiscales de La Pampa otorga estabilidad fiscal y reducciones impositivas de grav\u00e1menes provinciales a inversiones estrat\u00e9gicas que agreguen valor, generen empleo y diversifiquen la matriz productiva provincial.Adem\u00e1s, impulsa inversiones en agroindustria, riego y energ\u00edas renovables, con proyectos estrat\u00e9gicos como el Parque Solar Fotovoltaico de General Pico y la expansi\u00f3n vitivin\u00edcola en Casa de Piedra.Con estas iniciativas, La Pampa refuerza su integraci\u00f3n a mercados internacionales y su apuesta por el desarrollo econ\u00f3mico sostenible.<\/p>\n\n\n\n<p><\/p>\n","protected":false},"excerpt":{"rendered":"<p>El gobernador de La Pampa, Sergio Ziliotto, desarroll\u00f3 este jueves una intensa agenda en la<\/p>\n","protected":false},"author":1,"featured_media":37232,"comment_status":"closed","ping_status":"open","sticky":false,"template":"","format":"standard","meta":{"om_disable_all_campaigns":false,"_monsterinsights_skip_tracking":false,"_monsterinsights_sitenote_active":false,"_monsterinsights_sitenote_note":"","_monsterinsights_sitenote_category":0,"_uf_show_specific_survey":0,"_uf_disable_surveys":false,"footnotes":""},"categories":[32,1913],"tags":[],"class_list":["post-37231","post","type-post","status-publish","format-standard","has-post-thumbnail","hentry","category-actualidad","category-porvinciales"],"aioseo_notices":[],"_links":{"self":[{"href":"https:\/\/revistabife.com\/index.php\/wp-json\/wp\/v2\/posts\/37231"}],"collection":[{"href":"https:\/\/revistabife.com\/index.php\/wp-json\/wp\/v2\/posts"}],"about":[{"href":"https:\/\/revistabife.com\/index.php\/wp-json\/wp\/v2\/types\/post"}],"author":[{"embeddable":true,"href":"https:\/\/revistabife.com\/index.php\/wp-json\/wp\/v2\/users\/1"}],"replies":[{"embeddable":true,"href":"https:\/\/revistabife.com\/index.php\/wp-json\/wp\/v2\/comments?post=37231"}],"version-history":[{"count":1,"href":"https:\/\/revistabife.com\/index.php\/wp-json\/wp\/v2\/posts\/37231\/revisions"}],"predecessor-version":[{"id":37233,"href":"https:\/\/revistabife.com\/index.php\/wp-json\/wp\/v2\/posts\/37231\/revisions\/37233"}],"wp:featuredmedia":[{"embeddable":true,"href":"https:\/\/revistabife.com\/index.php\/wp-json\/wp\/v2\/media\/37232"}],"wp:attachment":[{"href":"https:\/\/revistabife.com\/index.php\/wp-json\/wp\/v2\/media?parent=37231"}],"wp:term":[{"taxonomy":"category","embeddable":true,"href":"https:\/\/revistabife.com\/index.php\/wp-json\/wp\/v2\/categories?post=37231"},{"taxonomy":"post_tag","embeddable":true,"href":"https:\/\/revistabife.com\/index.php\/wp-json\/wp\/v2\/tags?post=37231"}],"curies":[{"name":"wp","href":"https:\/\/api.w.org\/{rel}","templated":true}]}}