{"id":37216,"date":"2025-03-18T12:28:22","date_gmt":"2025-03-18T15:28:22","guid":{"rendered":"https:\/\/revistabife.com\/?p=37216"},"modified":"2025-03-18T12:28:24","modified_gmt":"2025-03-18T15:28:24","slug":"historico-fallo-para-los-pampeanos-la-provincia-logro-disolver-la-barrera-interna-y-senasa-habilito-el-ingreso-de-asado-con-hueso-en-el-sur","status":"publish","type":"post","link":"https:\/\/revistabife.com\/index.php\/2025\/03\/18\/historico-fallo-para-los-pampeanos-la-provincia-logro-disolver-la-barrera-interna-y-senasa-habilito-el-ingreso-de-asado-con-hueso-en-el-sur\/","title":{"rendered":"Hist\u00f3rico fallo para los pampeanos: La Provincia logr\u00f3 disolver la barrera interna y SENASA habilit\u00f3 el ingreso de asado con hueso en el sur"},"content":{"rendered":"\n<p class=\"has-medium-font-size\">Tras largos a\u00f1os de lucha, que atravesaron muchos gobiernos nacionales, finalmente hubo \u201cfinal feliz a un reclamo permanente\u201d, como se\u00f1al\u00f3 el gobernador Sergio Ziliotto. Y es que La Pampa logr\u00f3 que se pueda comercializar carne con hueso en la zona sur del pa\u00eds.<\/p>\n\n\n\n<p class=\"has-medium-font-size\">Esta ma\u00f1ana la noticia fue confirmada por el primer mandatario y autom\u00e1ticamente todo el arco pol\u00edtico festej\u00f3 la medida del SENASA, que elimin\u00f3 lo que se consideraba una traba al desarrollo econ\u00f3mico de la provincia y permiti\u00f3 el ingreso de carne con hueso al sur.<\/p>\n\n\n\n<p class=\"has-medium-font-size\">La resoluci\u00f3n del organismo defini\u00f3 que &#8220;los muestreos realizados por el Senasa en los \u00faltimos a\u00f1os demuestran la ausencia de circulaci\u00f3n viral en todo el territorio nacional&#8221;.<\/p>\n\n\n\n<p class=\"has-medium-font-size\">&#8220;Sumado a la ausencia de circulaci\u00f3n viral, este organismo realiz\u00f3 una evaluaci\u00f3n cuantitativa del riesgo de introducci\u00f3n del virus de Fiebre Aftosa a la Zona Libre de Fiebre Aftosa sin vacunaci\u00f3n a trav\u00e9s de asado con hueso bovino proveniente de la Zona Libre de Fiebre Aftosa con vacunaci\u00f3n, concluyendo que es posible asumir que el riesgo de ingreso de dicho virus a la Zona Libre de Fiebre Aftosa sin vacunaci\u00f3n por ese medio es insignificante&#8221;, complet\u00f3 la normativa.<\/p>\n","protected":false},"excerpt":{"rendered":"<p>Tras largos a\u00f1os de lucha, que atravesaron muchos gobiernos nacionales, finalmente hubo \u201cfinal feliz a<\/p>\n","protected":false},"author":1,"featured_media":37217,"comment_status":"closed","ping_status":"open","sticky":false,"template":"","format":"standard","meta":{"om_disable_all_campaigns":false,"_monsterinsights_skip_tracking":false,"_monsterinsights_sitenote_active":false,"_monsterinsights_sitenote_note":"","_monsterinsights_sitenote_category":0,"_uf_show_specific_survey":0,"_uf_disable_surveys":false,"footnotes":""},"categories":[32,1913],"tags":[],"class_list":["post-37216","post","type-post","status-publish","format-standard","has-post-thumbnail","hentry","category-actualidad","category-porvinciales"],"aioseo_notices":[],"_links":{"self":[{"href":"https:\/\/revistabife.com\/index.php\/wp-json\/wp\/v2\/posts\/37216"}],"collection":[{"href":"https:\/\/revistabife.com\/index.php\/wp-json\/wp\/v2\/posts"}],"about":[{"href":"https:\/\/revistabife.com\/index.php\/wp-json\/wp\/v2\/types\/post"}],"author":[{"embeddable":true,"href":"https:\/\/revistabife.com\/index.php\/wp-json\/wp\/v2\/users\/1"}],"replies":[{"embeddable":true,"href":"https:\/\/revistabife.com\/index.php\/wp-json\/wp\/v2\/comments?post=37216"}],"version-history":[{"count":1,"href":"https:\/\/revistabife.com\/index.php\/wp-json\/wp\/v2\/posts\/37216\/revisions"}],"predecessor-version":[{"id":37218,"href":"https:\/\/revistabife.com\/index.php\/wp-json\/wp\/v2\/posts\/37216\/revisions\/37218"}],"wp:featuredmedia":[{"embeddable":true,"href":"https:\/\/revistabife.com\/index.php\/wp-json\/wp\/v2\/media\/37217"}],"wp:attachment":[{"href":"https:\/\/revistabife.com\/index.php\/wp-json\/wp\/v2\/media?parent=37216"}],"wp:term":[{"taxonomy":"category","embeddable":true,"href":"https:\/\/revistabife.com\/index.php\/wp-json\/wp\/v2\/categories?post=37216"},{"taxonomy":"post_tag","embeddable":true,"href":"https:\/\/revistabife.com\/index.php\/wp-json\/wp\/v2\/tags?post=37216"}],"curies":[{"name":"wp","href":"https:\/\/api.w.org\/{rel}","templated":true}]}}