{"id":37210,"date":"2025-03-20T10:55:19","date_gmt":"2025-03-20T13:55:19","guid":{"rendered":"https:\/\/revistabife.com\/?p=37210"},"modified":"2025-03-20T10:55:21","modified_gmt":"2025-03-20T13:55:21","slug":"cpetel-con-horarios-reducidos","status":"publish","type":"post","link":"https:\/\/revistabife.com\/index.php\/2025\/03\/20\/cpetel-con-horarios-reducidos\/","title":{"rendered":"CPEtel con horarios reducidos"},"content":{"rendered":"\n<p>CPEtel recuerda que durante el corriente mes de marzo, el plantel de la Gerencia de Telecomunicaciones est\u00e1 participando de un plan de capacitaci\u00f3n y entrenamiento para la pr\u00f3xima implementaci\u00f3n de un nuevo sistema de sistema de gesti\u00f3n integral de servicios y usuarios, por lo que algunos d\u00edas la atenci\u00f3n al p\u00fablico es reducida.<\/p>\n\n\n\n<p>Las actividades de capacitaci\u00f3n fueron programadas por grupos y turnos para afectar lo m\u00ednimo posible el servicio, no obstante lo cual, los d\u00edas 20, 21, 25, 26, 27 y 28 de marzo, la atenci\u00f3n&nbsp;presencial&nbsp;al p\u00fablico se interrumpir\u00e1 a las 13 horas, media hora antes del horario de cierre habitual.<\/p>\n\n\n\n<p>Por otra parte, los d\u00edas d\u00edas 20, 26, 27 y 28, la atenci\u00f3n en el Centro de Llamadas, entre las 13:30 y las 16 horas, ser\u00e1 \u00fanicamente a trav\u00e9s de mensajes de Whatsapp al 2954-744047. No se recibir\u00e1n llamadas: las y los el usuarios deber\u00e1n dejar su mensaje, que ser\u00e1n atendidos ni bien los agentes retornen de la capacitaci\u00f3n.<\/p>\n\n\n\n<p><br><\/p>\n\n\n\n<p><\/p>\n","protected":false},"excerpt":{"rendered":"<p>CPEtel recuerda que durante el corriente mes de marzo, el plantel de la Gerencia de<\/p>\n","protected":false},"author":1,"featured_media":25399,"comment_status":"closed","ping_status":"open","sticky":false,"template":"","format":"standard","meta":{"om_disable_all_campaigns":false,"_monsterinsights_skip_tracking":false,"_monsterinsights_sitenote_active":false,"_monsterinsights_sitenote_note":"","_monsterinsights_sitenote_category":0,"_uf_show_specific_survey":0,"_uf_disable_surveys":false,"footnotes":""},"categories":[32,1913],"tags":[],"class_list":["post-37210","post","type-post","status-publish","format-standard","has-post-thumbnail","hentry","category-actualidad","category-porvinciales"],"aioseo_notices":[],"_links":{"self":[{"href":"https:\/\/revistabife.com\/index.php\/wp-json\/wp\/v2\/posts\/37210"}],"collection":[{"href":"https:\/\/revistabife.com\/index.php\/wp-json\/wp\/v2\/posts"}],"about":[{"href":"https:\/\/revistabife.com\/index.php\/wp-json\/wp\/v2\/types\/post"}],"author":[{"embeddable":true,"href":"https:\/\/revistabife.com\/index.php\/wp-json\/wp\/v2\/users\/1"}],"replies":[{"embeddable":true,"href":"https:\/\/revistabife.com\/index.php\/wp-json\/wp\/v2\/comments?post=37210"}],"version-history":[{"count":8,"href":"https:\/\/revistabife.com\/index.php\/wp-json\/wp\/v2\/posts\/37210\/revisions"}],"predecessor-version":[{"id":37223,"href":"https:\/\/revistabife.com\/index.php\/wp-json\/wp\/v2\/posts\/37210\/revisions\/37223"}],"wp:featuredmedia":[{"embeddable":true,"href":"https:\/\/revistabife.com\/index.php\/wp-json\/wp\/v2\/media\/25399"}],"wp:attachment":[{"href":"https:\/\/revistabife.com\/index.php\/wp-json\/wp\/v2\/media?parent=37210"}],"wp:term":[{"taxonomy":"category","embeddable":true,"href":"https:\/\/revistabife.com\/index.php\/wp-json\/wp\/v2\/categories?post=37210"},{"taxonomy":"post_tag","embeddable":true,"href":"https:\/\/revistabife.com\/index.php\/wp-json\/wp\/v2\/tags?post=37210"}],"curies":[{"name":"wp","href":"https:\/\/api.w.org\/{rel}","templated":true}]}}