{"id":37201,"date":"2025-03-17T12:16:22","date_gmt":"2025-03-17T15:16:22","guid":{"rendered":"https:\/\/revistabife.com\/?p=37201"},"modified":"2025-03-17T12:16:23","modified_gmt":"2025-03-17T15:16:23","slug":"con-reclamos-salariales-y-contra-el-desfinanciamiento-empezo-el-paro-en-las-universidades-publicas","status":"publish","type":"post","link":"https:\/\/revistabife.com\/index.php\/2025\/03\/17\/con-reclamos-salariales-y-contra-el-desfinanciamiento-empezo-el-paro-en-las-universidades-publicas\/","title":{"rendered":"Con reclamos salariales y contra el \u201cdesfinanciamiento\u201d, empez\u00f3 el paro en las universidades p\u00fablicas"},"content":{"rendered":"\n<p class=\"has-medium-font-size\">Gremios docentes y no docentes de universidades nacionales iniciaron este lunes un paro nacional por 48 horas, en reclamo por \u201cla p\u00e9rdida del poder adquisitivo de los salarios\u201d y \u201cel desfinanciamiento\u201d de las casas de altos estudios.<\/p>\n\n\n\n<p class=\"has-medium-font-size\">La medida de fuerza fue anunciada por el Frente Sindical de Universidades Nacionales, del que forman parte los sindicatos que representan a trabajadores del sector.<\/p>\n\n\n\n<p class=\"has-medium-font-size\">\u201cSin Ley de Presupuesto para 2025, las universidades quedan otro a\u00f1o m\u00e1s sin un horizonte presupuestario claro y con ello se afectan aspectos sustantivos como el desarrollo de proyectos acad\u00e9micos, la investigaci\u00f3n, el sostenimiento del sistema de becas para estudiantes y, en general, se pone en riesgo el funcionamiento b\u00e1sico de las universidades\u201d, denunci\u00f3 la Federaci\u00f3n Nacional de Docentes Universitarios (Conadu).<\/p>\n\n\n\n<p class=\"has-medium-font-size\">La decisi\u00f3n se formaliz\u00f3 en una asamblea del Frente Sindical, en la que participaron representantes de la Conadu, la Federaci\u00f3n Nacional de Docentes, Investigadores y Creadores Universitarios (Conadu Hist\u00f3rica), la Federaci\u00f3n de Docentes de las Universidades (Fedun), la Confederaci\u00f3n de Trabajadores de la Educaci\u00f3n de la Rep\u00fablica Argentina (Ctera), la Asociaci\u00f3n Gremial de Docentes de la Universidad Tecnol\u00f3gica Nacional (Fagdut), la Federaci\u00f3n Argentina del Trabajador de las Universidades Nacionales (Fatun) y la Uni\u00f3n Docentes Argentinos (UDA).<\/p>\n\n\n\n<p class=\"has-medium-font-size\">Adem\u00e1s, confirmaron que participar\u00e1n este mi\u00e9rcoles desde las 17:00 de la marcha de los jubilados frente al Congreso, a la que anunciaron que se sumar\u00e1n las dos CTA y otras organizaciones gremiales y sociales.<\/p>\n","protected":false},"excerpt":{"rendered":"<p>Gremios docentes y no docentes de universidades nacionales iniciaron este lunes un paro nacional por<\/p>\n","protected":false},"author":1,"featured_media":37202,"comment_status":"closed","ping_status":"open","sticky":false,"template":"","format":"standard","meta":{"om_disable_all_campaigns":false,"_monsterinsights_skip_tracking":false,"_monsterinsights_sitenote_active":false,"_monsterinsights_sitenote_note":"","_monsterinsights_sitenote_category":0,"_uf_show_specific_survey":0,"_uf_disable_surveys":false,"footnotes":""},"categories":[32,1913],"tags":[],"class_list":["post-37201","post","type-post","status-publish","format-standard","has-post-thumbnail","hentry","category-actualidad","category-porvinciales"],"aioseo_notices":[],"_links":{"self":[{"href":"https:\/\/revistabife.com\/index.php\/wp-json\/wp\/v2\/posts\/37201"}],"collection":[{"href":"https:\/\/revistabife.com\/index.php\/wp-json\/wp\/v2\/posts"}],"about":[{"href":"https:\/\/revistabife.com\/index.php\/wp-json\/wp\/v2\/types\/post"}],"author":[{"embeddable":true,"href":"https:\/\/revistabife.com\/index.php\/wp-json\/wp\/v2\/users\/1"}],"replies":[{"embeddable":true,"href":"https:\/\/revistabife.com\/index.php\/wp-json\/wp\/v2\/comments?post=37201"}],"version-history":[{"count":1,"href":"https:\/\/revistabife.com\/index.php\/wp-json\/wp\/v2\/posts\/37201\/revisions"}],"predecessor-version":[{"id":37203,"href":"https:\/\/revistabife.com\/index.php\/wp-json\/wp\/v2\/posts\/37201\/revisions\/37203"}],"wp:featuredmedia":[{"embeddable":true,"href":"https:\/\/revistabife.com\/index.php\/wp-json\/wp\/v2\/media\/37202"}],"wp:attachment":[{"href":"https:\/\/revistabife.com\/index.php\/wp-json\/wp\/v2\/media?parent=37201"}],"wp:term":[{"taxonomy":"category","embeddable":true,"href":"https:\/\/revistabife.com\/index.php\/wp-json\/wp\/v2\/categories?post=37201"},{"taxonomy":"post_tag","embeddable":true,"href":"https:\/\/revistabife.com\/index.php\/wp-json\/wp\/v2\/tags?post=37201"}],"curies":[{"name":"wp","href":"https:\/\/api.w.org\/{rel}","templated":true}]}}