{"id":37195,"date":"2025-03-17T11:20:54","date_gmt":"2025-03-17T14:20:54","guid":{"rendered":"https:\/\/revistabife.com\/?p=37195"},"modified":"2025-03-17T12:36:58","modified_gmt":"2025-03-17T15:36:58","slug":"piden-16-anos-de-carcel-para-un-sonidista-de-toay-por-la-violacion-a-una-menor-de-15-anos","status":"publish","type":"post","link":"https:\/\/revistabife.com\/index.php\/2025\/03\/17\/piden-16-anos-de-carcel-para-un-sonidista-de-toay-por-la-violacion-a-una-menor-de-15-anos\/","title":{"rendered":"Piden 16 a\u00f1os de c\u00e1rcel para un sonidista de Toay por la violaci\u00f3n a una menor de 15 a\u00f1os"},"content":{"rendered":"\n<p class=\"has-medium-font-size\">Se complica la situaci\u00f3n judicial de un reconocido sonidista toayense que habr\u00eda violado a una menor santarrose\u00f1a de 15 a\u00f1os hace una d\u00e9cada. El fiscal Andr\u00e9s Torino pidi\u00f3 16 a\u00f1os de prisi\u00f3n.<\/p>\n\n\n\n<p class=\"has-medium-font-size\">La causa estuvo paralizada por 9 a\u00f1os por falta de pruebas. Sin embargo en diciembre del 2023, el sonidista fue denunciado en otro expediente que permiti\u00f3 que la justicia se sirva de su muestra gen\u00e9tica.<\/p>\n\n\n\n<p class=\"has-medium-font-size\">Seg\u00fan el relato de la joven, que ahora tiene 25 a\u00f1os, en 2015 el hombre se hizo pasar por un polic\u00eda para llevarla en auto tras encontrarla alcoholizada afuera de un boliche de la capital pampeana. Luego de ser abusada, la v\u00edctima fue abandonada en un patio de la calle Neuqu\u00e9n donde fue encontrada por una mujer que escuch\u00f3 sus gritos.<\/p>\n\n\n\n<p class=\"has-medium-font-size\">El fiscal Torino, en marzo del a\u00f1o pasado, recibi\u00f3 los datos que complicaban al sonidista, ya que su adn coincid\u00eda con la muestra del abuso del 2015. Adem\u00e1s, se sum\u00f3 un testigo que lo reconoci\u00f3 en la rueda de identificaci\u00f3n.<\/p>\n\n\n\n<p class=\"has-medium-font-size\">Actualmente el toayense se encuentra con prisi\u00f3n domiciliaria y tobillera electr\u00f3nica. Mientras tanto, el pr\u00f3ximo 26 de marzo el juez Andr\u00e9s Oli\u00e9 dictar\u00e1 la sentencia.<\/p>\n","protected":false},"excerpt":{"rendered":"<p>Se complica la situaci\u00f3n judicial de un reconocido sonidista toayense que habr\u00eda violado a una<\/p>\n","protected":false},"author":1,"featured_media":37205,"comment_status":"closed","ping_status":"open","sticky":false,"template":"","format":"standard","meta":{"om_disable_all_campaigns":false,"_monsterinsights_skip_tracking":false,"_monsterinsights_sitenote_active":false,"_monsterinsights_sitenote_note":"","_monsterinsights_sitenote_category":0,"_uf_show_specific_survey":0,"_uf_disable_surveys":false,"footnotes":""},"categories":[32,1913],"tags":[],"class_list":["post-37195","post","type-post","status-publish","format-standard","has-post-thumbnail","hentry","category-actualidad","category-porvinciales"],"aioseo_notices":[],"_links":{"self":[{"href":"https:\/\/revistabife.com\/index.php\/wp-json\/wp\/v2\/posts\/37195"}],"collection":[{"href":"https:\/\/revistabife.com\/index.php\/wp-json\/wp\/v2\/posts"}],"about":[{"href":"https:\/\/revistabife.com\/index.php\/wp-json\/wp\/v2\/types\/post"}],"author":[{"embeddable":true,"href":"https:\/\/revistabife.com\/index.php\/wp-json\/wp\/v2\/users\/1"}],"replies":[{"embeddable":true,"href":"https:\/\/revistabife.com\/index.php\/wp-json\/wp\/v2\/comments?post=37195"}],"version-history":[{"count":2,"href":"https:\/\/revistabife.com\/index.php\/wp-json\/wp\/v2\/posts\/37195\/revisions"}],"predecessor-version":[{"id":37208,"href":"https:\/\/revistabife.com\/index.php\/wp-json\/wp\/v2\/posts\/37195\/revisions\/37208"}],"wp:featuredmedia":[{"embeddable":true,"href":"https:\/\/revistabife.com\/index.php\/wp-json\/wp\/v2\/media\/37205"}],"wp:attachment":[{"href":"https:\/\/revistabife.com\/index.php\/wp-json\/wp\/v2\/media?parent=37195"}],"wp:term":[{"taxonomy":"category","embeddable":true,"href":"https:\/\/revistabife.com\/index.php\/wp-json\/wp\/v2\/categories?post=37195"},{"taxonomy":"post_tag","embeddable":true,"href":"https:\/\/revistabife.com\/index.php\/wp-json\/wp\/v2\/tags?post=37195"}],"curies":[{"name":"wp","href":"https:\/\/api.w.org\/{rel}","templated":true}]}}