{"id":37181,"date":"2025-03-16T12:49:57","date_gmt":"2025-03-16T15:49:57","guid":{"rendered":"https:\/\/revistabife.com\/?p=37181"},"modified":"2025-03-16T12:49:58","modified_gmt":"2025-03-16T15:49:58","slug":"santa-rosa-un-joven-de-21-anos-se-disparo-en-la-cabeza-con-un-22-habria-sido-de-manera-accidental","status":"publish","type":"post","link":"https:\/\/revistabife.com\/index.php\/2025\/03\/16\/santa-rosa-un-joven-de-21-anos-se-disparo-en-la-cabeza-con-un-22-habria-sido-de-manera-accidental\/","title":{"rendered":"Santa Rosa: Un joven de 21 a\u00f1os se dispar\u00f3 en la cabeza con un .22; habr\u00eda sido de manera accidental"},"content":{"rendered":"\n<p>Un joven de 21 a\u00f1os se encuentra en estado cr\u00edtico luego de dispararse accidentalmente en la cabeza mientras manipulaba un arma de fuego en una vivienda. El incidente ocurri\u00f3 este s\u00e1bado por la tarde en el pasaje L\u00e1zaro Romero, y es investigado por la polic\u00eda.<\/p>\n\n\n\n<p>BIFE pudo saber a trav\u00e9s de fuentes policiales consultadas, que el hecho tuvo lugar alrededor de las 18 horas.<\/p>\n\n\n\n<p>La principal hip\u00f3tesis es que se trat\u00f3 de un accidente.<\/p>\n\n\n\n<p>En el momento del hecho, la v\u00edctima estaba acompa\u00f1ada por un amigo.<\/p>\n\n\n\n<p>&#8220;El joven estaba cargando y descargando el arma cuando, en un descuido, se produjo el disparo. Eso es lo que relat\u00f3 la persona que estaba con \u00e9l&#8221;, cont\u00f3 a BIFE una fuente d ela Seccional Segunda.<\/p>\n\n\n\n<p>El joven sufri\u00f3 una herida de gravedad y fue trasladado de urgencia al Hospital Ren\u00e9 Favaloro, donde permanece internado en terapia intensiva.<\/p>\n\n\n\n<p>Las autoridades secuestraron el arma involucrada, una pistola calibre .22, mientras contin\u00faan las pericias para determinar con precisi\u00f3n las circunstancias del episodio.<\/p>\n\n\n\n<p>BIFE pudo corroborar que el joven que lucha por su vida, posee antecedentes contra la propiedad.<\/p>\n","protected":false},"excerpt":{"rendered":"<p>Un joven de 21 a\u00f1os se encuentra en estado cr\u00edtico luego de dispararse accidentalmente en<\/p>\n","protected":false},"author":1,"featured_media":37182,"comment_status":"closed","ping_status":"open","sticky":false,"template":"","format":"standard","meta":{"om_disable_all_campaigns":false,"_monsterinsights_skip_tracking":false,"_monsterinsights_sitenote_active":false,"_monsterinsights_sitenote_note":"","_monsterinsights_sitenote_category":0,"_uf_show_specific_survey":0,"_uf_disable_surveys":false,"footnotes":""},"categories":[32,1913],"tags":[],"class_list":["post-37181","post","type-post","status-publish","format-standard","has-post-thumbnail","hentry","category-actualidad","category-porvinciales"],"aioseo_notices":[],"_links":{"self":[{"href":"https:\/\/revistabife.com\/index.php\/wp-json\/wp\/v2\/posts\/37181"}],"collection":[{"href":"https:\/\/revistabife.com\/index.php\/wp-json\/wp\/v2\/posts"}],"about":[{"href":"https:\/\/revistabife.com\/index.php\/wp-json\/wp\/v2\/types\/post"}],"author":[{"embeddable":true,"href":"https:\/\/revistabife.com\/index.php\/wp-json\/wp\/v2\/users\/1"}],"replies":[{"embeddable":true,"href":"https:\/\/revistabife.com\/index.php\/wp-json\/wp\/v2\/comments?post=37181"}],"version-history":[{"count":2,"href":"https:\/\/revistabife.com\/index.php\/wp-json\/wp\/v2\/posts\/37181\/revisions"}],"predecessor-version":[{"id":37184,"href":"https:\/\/revistabife.com\/index.php\/wp-json\/wp\/v2\/posts\/37181\/revisions\/37184"}],"wp:featuredmedia":[{"embeddable":true,"href":"https:\/\/revistabife.com\/index.php\/wp-json\/wp\/v2\/media\/37182"}],"wp:attachment":[{"href":"https:\/\/revistabife.com\/index.php\/wp-json\/wp\/v2\/media?parent=37181"}],"wp:term":[{"taxonomy":"category","embeddable":true,"href":"https:\/\/revistabife.com\/index.php\/wp-json\/wp\/v2\/categories?post=37181"},{"taxonomy":"post_tag","embeddable":true,"href":"https:\/\/revistabife.com\/index.php\/wp-json\/wp\/v2\/tags?post=37181"}],"curies":[{"name":"wp","href":"https:\/\/api.w.org\/{rel}","templated":true}]}}